{"id":5823,"date":"2025-11-19T13:10:59","date_gmt":"2025-11-19T16:10:59","guid":{"rendered":"https:\/\/vecinosdelinterior.com\/?p=5823"},"modified":"2025-11-19T13:11:00","modified_gmt":"2025-11-19T16:11:00","slug":"se-viene-la-37-fiesta-provincial-del-artesano-2026-en-san-francisco","status":"publish","type":"post","link":"https:\/\/vecinosdelinterior.com\/index.php\/2025\/11\/19\/se-viene-la-37-fiesta-provincial-del-artesano-2026-en-san-francisco\/","title":{"rendered":"Se viene la 37\u00b0 Fiesta Provincial del Artesano 2026 en San Francisco"},"content":{"rendered":"\n<p>VECINOSDELINTERIOR.COM \/ 19 DE NOVIEMBRE<br>San Francisco del Monte de Oro vuelve a celebrar su tradici\u00f3n con una edici\u00f3n llena de m\u00fasica, danza y cultura.<br>Este a\u00f1o nos acompa\u00f1an:<br>\ud83c\udfa4 @christianherreraoficial<br>\ud83c\udfa4 @valemarquez1<br>\ud83c\udfa4 @chipotecba<br>\ud83c\udfa4 @algarroba.com_oficial<br>\ud83c\udfa4 @la.cautana<br>\ud83c\udfa4 @losfulanosok<br>\ud83c\udfa4 @hermanitosalbelo<br>\ud83c\udfa4 @loshermanoslucero<br>\ud83c\udfa4 Los Chamameceros<br>\ud83c\udfa4 Simplemente Los Cantores del Alba<br>Y los ballets y representantes de la cultura local que har\u00e1n brillar nuestro festival.<br>Pronto se detallar\u00e1n:<\/p>\n\n\n\n<ul class=\"wp-block-list\">\n<li>Los puntos de venta de entradas<\/li>\n\n\n\n<li>El detalle completo de cada jornada<\/li>\n\n\n\n<li>Los horarios, las actividades y la participaci\u00f3n de los ballets<\/li>\n\n\n\n<li>Y todo el proceso de preparaci\u00f3n, para que vivas la fiesta desde adentro<\/li>\n<\/ul>\n\n\n\n<p><\/p>\n\n\n\n<figure class=\"wp-block-image size-large\"><img fetchpriority=\"high\" decoding=\"async\" width=\"819\" height=\"1024\" src=\"https:\/\/vecinosdelinterior.com\/wp-content\/uploads\/2025\/11\/584996193_122213502386124109_550463017451799824_n-819x1024.jpg\" alt=\"\" class=\"wp-image-5824\" srcset=\"https:\/\/vecinosdelinterior.com\/wp-content\/uploads\/2025\/11\/584996193_122213502386124109_550463017451799824_n-819x1024.jpg 819w, https:\/\/vecinosdelinterior.com\/wp-content\/uploads\/2025\/11\/584996193_122213502386124109_550463017451799824_n-240x300.jpg 240w, https:\/\/vecinosdelinterior.com\/wp-content\/uploads\/2025\/11\/584996193_122213502386124109_550463017451799824_n-768x960.jpg 768w, https:\/\/vecinosdelinterior.com\/wp-content\/uploads\/2025\/11\/584996193_122213502386124109_550463017451799824_n-1229x1536.jpg 1229w, https:\/\/vecinosdelinterior.com\/wp-content\/uploads\/2025\/11\/584996193_122213502386124109_550463017451799824_n-750x938.jpg 750w, https:\/\/vecinosdelinterior.com\/wp-content\/uploads\/2025\/11\/584996193_122213502386124109_550463017451799824_n-1140x1425.jpg 1140w, https:\/\/vecinosdelinterior.com\/wp-content\/uploads\/2025\/11\/584996193_122213502386124109_550463017451799824_n.jpg 1638w\" sizes=\"(max-width: 819px) 100vw, 819px\" \/><\/figure>\n","protected":false},"excerpt":{"rendered":"<p>VECINOSDELINTERIOR.COM \/ 19 DE NOVIEMBRESan Francisco del Monte de Oro vuelve a celebrar su tradici\u00f3n con una edici\u00f3n llena de m\u00fasica, danza y cultura.Este a\u00f1o nos acompa\u00f1an:\ud83c\udfa4 @christianherreraoficial\ud83c\udfa4 @valemarquez1\ud83c\udfa4 @chipotecba\ud83c\udfa4 @algarroba.com_oficial\ud83c\udfa4 @la.cautana\ud83c\udfa4 @losfulanosok\ud83c\udfa4 @hermanitosalbelo\ud83c\udfa4 @loshermanoslucero\ud83c\udfa4 Los Chamameceros\ud83c\udfa4 Simplemente Los Cantores del AlbaY los ballets y representantes de la cultura local que har\u00e1n brillar nuestro festival.Pronto [&hellip;]<\/p>\n","protected":false},"author":1,"featured_media":5824,"comment_status":"open","ping_status":"open","sticky":false,"template":"","format":"standard","meta":{"footnotes":""},"categories":[8,9],"tags":[391,333],"class_list":["post-5823","post","type-post","status-publish","format-standard","has-post-thumbnail","hentry","category-ayacucho","category-san-francisco","tag-eventos","tag-festivales"],"_links":{"self":[{"href":"https:\/\/vecinosdelinterior.com\/index.php\/wp-json\/wp\/v2\/posts\/5823","targetHints":{"allow":["GET"]}}],"collection":[{"href":"https:\/\/vecinosdelinterior.com\/index.php\/wp-json\/wp\/v2\/posts"}],"about":[{"href":"https:\/\/vecinosdelinterior.com\/index.php\/wp-json\/wp\/v2\/types\/post"}],"author":[{"embeddable":true,"href":"https:\/\/vecinosdelinterior.com\/index.php\/wp-json\/wp\/v2\/users\/1"}],"replies":[{"embeddable":true,"href":"https:\/\/vecinosdelinterior.com\/index.php\/wp-json\/wp\/v2\/comments?post=5823"}],"version-history":[{"count":1,"href":"https:\/\/vecinosdelinterior.com\/index.php\/wp-json\/wp\/v2\/posts\/5823\/revisions"}],"predecessor-version":[{"id":5825,"href":"https:\/\/vecinosdelinterior.com\/index.php\/wp-json\/wp\/v2\/posts\/5823\/revisions\/5825"}],"wp:featuredmedia":[{"embeddable":true,"href":"https:\/\/vecinosdelinterior.com\/index.php\/wp-json\/wp\/v2\/media\/5824"}],"wp:attachment":[{"href":"https:\/\/vecinosdelinterior.com\/index.php\/wp-json\/wp\/v2\/media?parent=5823"}],"wp:term":[{"taxonomy":"category","embeddable":true,"href":"https:\/\/vecinosdelinterior.com\/index.php\/wp-json\/wp\/v2\/categories?post=5823"},{"taxonomy":"post_tag","embeddable":true,"href":"https:\/\/vecinosdelinterior.com\/index.php\/wp-json\/wp\/v2\/tags?post=5823"}],"curies":[{"name":"wp","href":"https:\/\/api.w.org\/{rel}","templated":true}]}}