{"id":5826,"date":"2025-11-19T09:11:00","date_gmt":"2025-11-19T12:11:00","guid":{"rendered":"https:\/\/vecinosdelinterior.com\/?p=5826"},"modified":"2025-11-19T13:12:13","modified_gmt":"2025-11-19T16:12:13","slug":"carpinteria-recibe-el-fin-de-semana-largo-con-la-fiesta-de-la-cerveza-artesanal-2025","status":"publish","type":"post","link":"https:\/\/vecinosdelinterior.com\/index.php\/2025\/11\/19\/carpinteria-recibe-el-fin-de-semana-largo-con-la-fiesta-de-la-cerveza-artesanal-2025\/","title":{"rendered":"Carpinter\u00eda recibe el fin de semana largo con la Fiesta de la Cerveza Artesanal 2025"},"content":{"rendered":"\n<p>VECINOSDELINTERIOR.COM \/ 19 DE NOVIEMBRE<br>El fin de semana largo, la plaza Manuel Zalazar de Carpinter\u00eda ser\u00e1 escenario de un encuentro con m\u00fasica en vivo, carros cerveceros, gastronom\u00eda regional y feria de emprendedores, con la Fiesta de la Cerveza Artesanal 2025, que cada a\u00f1o convoca a miles de visitantes.<br>El s\u00e1bado 22 se realizar\u00e1 la final provincial del certamen \u2018Mi banda interior\u2019 a las 18:00. Con entrada libre y gratuita, esta fiesta se consolida como una de las celebraciones m\u00e1s esperadas de la regi\u00f3n.<br>En un microclima privilegiado y la belleza del paisaje enmarcado por sierras, vegetaci\u00f3n aut\u00f3ctona, r\u00edos y balnearios, Carpinter\u00eda sorprende los turistas. Integra el Camino de la Costa, que corre a la vera de la Sierra de los Comechingones, por ruta provincial N\u00ba1.<\/p>\n\n\n\n<figure class=\"wp-block-image size-large\"><img fetchpriority=\"high\" decoding=\"async\" width=\"819\" height=\"1024\" src=\"https:\/\/vecinosdelinterior.com\/wp-content\/uploads\/2025\/11\/IMG_1808-819x1024.webp\" alt=\"\" class=\"wp-image-5827\" srcset=\"https:\/\/vecinosdelinterior.com\/wp-content\/uploads\/2025\/11\/IMG_1808-819x1024.webp 819w, https:\/\/vecinosdelinterior.com\/wp-content\/uploads\/2025\/11\/IMG_1808-240x300.webp 240w, https:\/\/vecinosdelinterior.com\/wp-content\/uploads\/2025\/11\/IMG_1808-768x960.webp 768w, https:\/\/vecinosdelinterior.com\/wp-content\/uploads\/2025\/11\/IMG_1808-750x938.webp 750w, https:\/\/vecinosdelinterior.com\/wp-content\/uploads\/2025\/11\/IMG_1808.webp 1080w\" sizes=\"(max-width: 819px) 100vw, 819px\" \/><\/figure>\n\n\n\n<p><br>Conocida como \u2018capital del vuelo libre\u2019 entre sus principales atractivos combina actividades de aventura, esparcimiento y tranquilidad, Carpinter\u00eda cuenta con importantes atractivos tur\u00edsticos con una variada oferta: circuitos de aventura, religioso, de recreaci\u00f3n, artesanales y de naturaleza.<br>Entre los atractivos culturales se destaca el circuito religioso que incluye a la iglesia de la Virgen de Luj\u00e1n frente a la plaza principal Manuel Zalazar, el oratorio de San Cayetano en la zona rural de Colonia La Argentina y el monasterio de Santa Mar\u00eda de la Sant\u00edsima Trinidad, ubicado a los pies de las sierras y perteneciente a la familia Mon\u00e1stica de Bel\u00e9n de la Asunci\u00f3n de la Virgen y de San Bruno.<br>Los amantes de la aventura tambi\u00e9n tienen su espacio para disfrutar de la \u2018capital del vuelo libre\u2019 volando en parapente desde el filo de los Comechingones, o ascendiendo con gu\u00edas locales la cuesta de Carpinter\u00eda, viejos senderos que llegan hasta las cumbres mismas de las Sierras de los Comechingones, pasando por Cerro Blanco, Salto del Tigre o bien una actividad diferente con pernocte en la sierra visitando el imponente pueblo abandonado Cerro \u00c1spero. Tambi\u00e9n visitar el arroyo Vidal, la cueva del Indio o bien ir hasta la antigua pista de despegue de parapentes.<br>Las delicias lugare\u00f1as y circuitos de artesanos son otra opci\u00f3n para degustar dulzuras criollas, reposter\u00eda alemana y productos caseros, con la posibilidad de presenciar su elaboraci\u00f3n, recibir las explicaciones de los artesanos y ver muestras de sus trabajos. Se puede visitar y apreciar la elaboraci\u00f3n de mates en el campo \u2018El Cimarr\u00f3n\u2019. La f\u00e1brica de alfajores \u2018Ayflo\u2019, que cuenta con un resto bar, donde se pueden degustar sus especialidades.<br>En \u2018La Serenidad\u2019 rodeada por un hermoso marco serrano, se podr\u00e1n saborear jugos de frutas extra\u00eddos de la quinta de \u00c1ngela, o bien degustar de alg\u00fan fiambre casero y la excepcional reposter\u00eda alemana. En \u2018Do\u00f1a Anita\u2019, casa de mate, nos podremos deleitar con sus dulces y jaleas, licores y escabeches y delicioso pan casero. En la finca \u2018La Vicky\u2019 se podr\u00e1n degustar diferentes variedades y preparados de aceitunas, y conservas de todo tipo. Para el atardecer un delicioso fernet casero de \u2018La Giovanni\u2019 o las excelentes cervezas caseras de La Serrana.<br>Carpinter\u00eda cuenta con una variada oferta hotelera, adem\u00e1s de numerosas caba\u00f1as para alquilar por fin de semana o quincena. Para los que prefieran una opci\u00f3n m\u00e1s natural a 3.000 metros de avenida Los Mandarinos, se encuentra el camping municipal de Carpinter\u00eda, que cuenta con proveedur\u00eda, asadores, sombras y una hermosa pileta que se llena con agua de vertientes.<br>Adem\u00e1s de los productores que abren sus puertas para degustar sus productos, hay numerosos puestos de comida rodeando la plaza principal donde podr\u00e1n degustarse platos caseros y en especial el imperdible y tradicional chivito asado.<br>El chivito asado es un cl\u00e1sico en Carpinter\u00eda<br>En cuanto a los eventos, el 8 de mayo se festejan las fiestas de la Virgen de Luj\u00e1n, patrona del pueblo, y el 7 de agosto en Colonia La Argentina se festeja San Cayetano. La famosa Fiesta Nacional de la Carreta y los 101 Chivos, re\u00fane a m\u00e1s de 20.000 personas con danzas folcl\u00f3ricas, desfile de carretas, grupos musicales, feria de artesanos y el imperdible asado de chivito. En diciembre se celebra la apertura de la temporada y en enero se desarrollan los tradicionales corsos.<\/p>\n","protected":false},"excerpt":{"rendered":"<p>VECINOSDELINTERIOR.COM \/ 19 DE NOVIEMBREEl fin de semana largo, la plaza Manuel Zalazar de Carpinter\u00eda ser\u00e1 escenario de un encuentro con m\u00fasica en vivo, carros cerveceros, gastronom\u00eda regional y feria de emprendedores, con la Fiesta de la Cerveza Artesanal 2025, que cada a\u00f1o convoca a miles de visitantes.El s\u00e1bado 22 se realizar\u00e1 la final provincial [&hellip;]<\/p>\n","protected":false},"author":1,"featured_media":5828,"comment_status":"open","ping_status":"open","sticky":false,"template":"","format":"standard","meta":{"footnotes":""},"categories":[29,275],"tags":[333],"class_list":["post-5826","post","type-post","status-publish","format-standard","has-post-thumbnail","hentry","category-chacabuco","category-cortaderas","tag-festivales"],"_links":{"self":[{"href":"https:\/\/vecinosdelinterior.com\/index.php\/wp-json\/wp\/v2\/posts\/5826","targetHints":{"allow":["GET"]}}],"collection":[{"href":"https:\/\/vecinosdelinterior.com\/index.php\/wp-json\/wp\/v2\/posts"}],"about":[{"href":"https:\/\/vecinosdelinterior.com\/index.php\/wp-json\/wp\/v2\/types\/post"}],"author":[{"embeddable":true,"href":"https:\/\/vecinosdelinterior.com\/index.php\/wp-json\/wp\/v2\/users\/1"}],"replies":[{"embeddable":true,"href":"https:\/\/vecinosdelinterior.com\/index.php\/wp-json\/wp\/v2\/comments?post=5826"}],"version-history":[{"count":1,"href":"https:\/\/vecinosdelinterior.com\/index.php\/wp-json\/wp\/v2\/posts\/5826\/revisions"}],"predecessor-version":[{"id":5829,"href":"https:\/\/vecinosdelinterior.com\/index.php\/wp-json\/wp\/v2\/posts\/5826\/revisions\/5829"}],"wp:featuredmedia":[{"embeddable":true,"href":"https:\/\/vecinosdelinterior.com\/index.php\/wp-json\/wp\/v2\/media\/5828"}],"wp:attachment":[{"href":"https:\/\/vecinosdelinterior.com\/index.php\/wp-json\/wp\/v2\/media?parent=5826"}],"wp:term":[{"taxonomy":"category","embeddable":true,"href":"https:\/\/vecinosdelinterior.com\/index.php\/wp-json\/wp\/v2\/categories?post=5826"},{"taxonomy":"post_tag","embeddable":true,"href":"https:\/\/vecinosdelinterior.com\/index.php\/wp-json\/wp\/v2\/tags?post=5826"}],"curies":[{"name":"wp","href":"https:\/\/api.w.org\/{rel}","templated":true}]}}