{"id":5830,"date":"2025-11-19T08:12:00","date_gmt":"2025-11-19T11:12:00","guid":{"rendered":"https:\/\/vecinosdelinterior.com\/?p=5830"},"modified":"2025-11-19T13:13:15","modified_gmt":"2025-11-19T16:13:15","slug":"avanza-la-investigacion-judicial-por-presunto-abuso-en-una-escuela-primaria-de-buena-esperanza","status":"publish","type":"post","link":"https:\/\/vecinosdelinterior.com\/index.php\/2025\/11\/19\/avanza-la-investigacion-judicial-por-presunto-abuso-en-una-escuela-primaria-de-buena-esperanza\/","title":{"rendered":"Avanza la investigaci\u00f3n judicial por presunto abuso en una escuela primaria de Buena Esperanza"},"content":{"rendered":"\n<p>VECINOSDELINTERIOR.COM \/ 19 DE NOVIEMBRE<br>Una familia de Buena Esperanza denunci\u00f3 ante la Polic\u00eda un presunto hecho de abuso sexual contra una ni\u00f1a de 8 a\u00f1os, alumna de tercer grado de la Escuela Primaria N\u00b0191 \u201cProvincia de La Pampa\u201d. El episodio habr\u00eda ocurrido el viernes 14 dentro del establecimiento y gener\u00f3 fuerte conmoci\u00f3n en la comunidad.<br>Tras la presentaci\u00f3n en la Comisar\u00eda, se activaron los protocolos correspondientes con intervenci\u00f3n de la Justicia y del Ministerio de Educaci\u00f3n. El lunes siguiente, los estudiantes del turno ma\u00f1ana no tuvieron clases y se realiz\u00f3 una reuni\u00f3n informativa con directivos, docentes y autoridades provinciales.<br>En el encuentro participaron representantes del Ministerio y un psic\u00f3logo del gabinete provincial, quienes ofrecieron contenci\u00f3n profesional a la familia de la ni\u00f1a y a los dem\u00e1s alumnos. Se remarc\u00f3 la necesidad de preservar la identidad de la menor y permitir que la investigaci\u00f3n avance sin interferencias.<br>La causa est\u00e1 en etapa inicial y es instruida por la Fiscal\u00eda de G\u00e9nero, Diversidad Sexual, Infancias y Adultos Mayores N\u00b01, a cargo de la Dra. Nayla Cabrera Mu\u00f1oz.<\/p>\n\n\n\n<figure class=\"wp-block-image size-large\"><img fetchpriority=\"high\" decoding=\"async\" width=\"1024\" height=\"768\" src=\"https:\/\/vecinosdelinterior.com\/wp-content\/uploads\/2025\/11\/583343483_706197979197558_8819543900330514460_n-1024x768.jpg\" alt=\"\" class=\"wp-image-5831\" srcset=\"https:\/\/vecinosdelinterior.com\/wp-content\/uploads\/2025\/11\/583343483_706197979197558_8819543900330514460_n-1024x768.jpg 1024w, https:\/\/vecinosdelinterior.com\/wp-content\/uploads\/2025\/11\/583343483_706197979197558_8819543900330514460_n-300x225.jpg 300w, https:\/\/vecinosdelinterior.com\/wp-content\/uploads\/2025\/11\/583343483_706197979197558_8819543900330514460_n-768x576.jpg 768w, https:\/\/vecinosdelinterior.com\/wp-content\/uploads\/2025\/11\/583343483_706197979197558_8819543900330514460_n-750x563.jpg 750w, https:\/\/vecinosdelinterior.com\/wp-content\/uploads\/2025\/11\/583343483_706197979197558_8819543900330514460_n-1140x855.jpg 1140w, https:\/\/vecinosdelinterior.com\/wp-content\/uploads\/2025\/11\/583343483_706197979197558_8819543900330514460_n.jpg 1280w\" sizes=\"(max-width: 1024px) 100vw, 1024px\" \/><\/figure>\n\n\n\n<p><br>Las medidas urgentes incluyeron:<br>Informe m\u00e9dico del CAPS.<br>Entrevistas testimoniales al personal docente.<br>Vistas fotogr\u00e1ficas y planimetr\u00eda del establecimiento.<br>Solicitud de historia cl\u00ednica.<br>Actuaciones sumariales de las comisar\u00edas de Nueva Galia y Buena Esperanza.<br>La ni\u00f1a fue atendida en el centro de salud de Nueva Galia y luego trasladada a Villa Mercedes, donde intervino el \u00e1rea de pediatr\u00eda del Cuerpo Profesional Forense.<br>Medidas preventivas<br>Se solicitaron al Juzgado de Garant\u00eda medidas de prohibici\u00f3n de acercamiento y contacto respecto del docente denunciado. El Ministerio de Educaci\u00f3n recibi\u00f3 la notificaci\u00f3n para adoptar medidas administrativas y apartar al acusado del curso donde asiste la alumna.<br>Info: SL24<\/p>\n","protected":false},"excerpt":{"rendered":"<p>VECINOSDELINTERIOR.COM \/ 19 DE NOVIEMBREUna familia de Buena Esperanza denunci\u00f3 ante la Polic\u00eda un presunto hecho de abuso sexual contra una ni\u00f1a de 8 a\u00f1os, alumna de tercer grado de la Escuela Primaria N\u00b0191 \u201cProvincia de La Pampa\u201d. El episodio habr\u00eda ocurrido el viernes 14 dentro del establecimiento y gener\u00f3 fuerte conmoci\u00f3n en la comunidad.Tras [&hellip;]<\/p>\n","protected":false},"author":1,"featured_media":5831,"comment_status":"open","ping_status":"open","sticky":false,"template":"","format":"standard","meta":{"footnotes":""},"categories":[18,16],"tags":[213],"class_list":["post-5830","post","type-post","status-publish","format-standard","has-post-thumbnail","hentry","category-buena-esperanza-dupuy","category-dupuy","tag-policial"],"_links":{"self":[{"href":"https:\/\/vecinosdelinterior.com\/index.php\/wp-json\/wp\/v2\/posts\/5830","targetHints":{"allow":["GET"]}}],"collection":[{"href":"https:\/\/vecinosdelinterior.com\/index.php\/wp-json\/wp\/v2\/posts"}],"about":[{"href":"https:\/\/vecinosdelinterior.com\/index.php\/wp-json\/wp\/v2\/types\/post"}],"author":[{"embeddable":true,"href":"https:\/\/vecinosdelinterior.com\/index.php\/wp-json\/wp\/v2\/users\/1"}],"replies":[{"embeddable":true,"href":"https:\/\/vecinosdelinterior.com\/index.php\/wp-json\/wp\/v2\/comments?post=5830"}],"version-history":[{"count":1,"href":"https:\/\/vecinosdelinterior.com\/index.php\/wp-json\/wp\/v2\/posts\/5830\/revisions"}],"predecessor-version":[{"id":5832,"href":"https:\/\/vecinosdelinterior.com\/index.php\/wp-json\/wp\/v2\/posts\/5830\/revisions\/5832"}],"wp:featuredmedia":[{"embeddable":true,"href":"https:\/\/vecinosdelinterior.com\/index.php\/wp-json\/wp\/v2\/media\/5831"}],"wp:attachment":[{"href":"https:\/\/vecinosdelinterior.com\/index.php\/wp-json\/wp\/v2\/media?parent=5830"}],"wp:term":[{"taxonomy":"category","embeddable":true,"href":"https:\/\/vecinosdelinterior.com\/index.php\/wp-json\/wp\/v2\/categories?post=5830"},{"taxonomy":"post_tag","embeddable":true,"href":"https:\/\/vecinosdelinterior.com\/index.php\/wp-json\/wp\/v2\/tags?post=5830"}],"curies":[{"name":"wp","href":"https:\/\/api.w.org\/{rel}","templated":true}]}}