{"id":584,"date":"2023-08-30T19:38:16","date_gmt":"2023-08-30T22:38:16","guid":{"rendered":"https:\/\/vecinosdelinterior.com\/?p=584"},"modified":"2023-08-30T19:38:17","modified_gmt":"2023-08-30T22:38:17","slug":"construiran-seis-playones-multideportivos-en-toda-la-provincia","status":"publish","type":"post","link":"https:\/\/vecinosdelinterior.com\/index.php\/2023\/08\/30\/construiran-seis-playones-multideportivos-en-toda-la-provincia\/","title":{"rendered":"Construir\u00e1n seis playones multideportivos en toda la provincia"},"content":{"rendered":"\n<p>Hoy por la tarde, el gobernador Alberto Rodr\u00edguez Sa\u00e1 firm\u00f3 un convenio con la titular del Ministerio de Desarrollo Social de Naci\u00f3n, Victoria Tolosa Paz, para iniciar la obra de 6 playones deportivos que se distribuir\u00e1n tres en San Luis, dos en La Toma y uno en San Mart\u00edn. Los nuevos espacios estar\u00e1n destinados al fortalecimiento de las pr\u00e1cticas deportivas y recreativas en San Luis.<\/p>\n\n\n\n<figure class=\"wp-block-image size-large\"><img fetchpriority=\"high\" decoding=\"async\" width=\"1024\" height=\"683\" src=\"https:\/\/vecinosdelinterior.com\/wp-content\/uploads\/2023\/08\/DSC_7914-1-1024x683.jpg\" alt=\"\" class=\"wp-image-585\" srcset=\"https:\/\/vecinosdelinterior.com\/wp-content\/uploads\/2023\/08\/DSC_7914-1-1024x683.jpg 1024w, https:\/\/vecinosdelinterior.com\/wp-content\/uploads\/2023\/08\/DSC_7914-1-300x200.jpg 300w, https:\/\/vecinosdelinterior.com\/wp-content\/uploads\/2023\/08\/DSC_7914-1-768x512.jpg 768w, https:\/\/vecinosdelinterior.com\/wp-content\/uploads\/2023\/08\/DSC_7914-1-750x500.jpg 750w, https:\/\/vecinosdelinterior.com\/wp-content\/uploads\/2023\/08\/DSC_7914-1-1140x760.jpg 1140w, https:\/\/vecinosdelinterior.com\/wp-content\/uploads\/2023\/08\/DSC_7914-1.jpg 1476w\" sizes=\"(max-width: 1024px) 100vw, 1024px\" \/><\/figure>\n\n\n\n<p>Estos espacios p\u00fablicos consistir\u00e1n en una cancha multideporte de 19 x 32 m con cerco perimetral e iluminaci\u00f3n. La obra estar\u00e1 disponible para el desarrollo de diferentes actividades como f\u00fatbol, v\u00f3ley o b\u00e1squet.<\/p>\n\n\n\n<p>Durante el acto, que se desarroll\u00f3 en Terrazas del Portezuelo, el primer mandatario puntano destac\u00f3 la importancia del trabajo coordinado con el Gobierno nacional para poder concretar obras en la provincia. \u201cQu\u00e9 lindo articular pol\u00edticas como esta. El rol del Estado y de los Estados, nacional, provincial y los Estados municipales tambi\u00e9n, cuando articulan pol\u00edticas y complementan o hacen actividades solidarias. Si trabajamos juntos, las cosas salen mucho mejor\u201d, agreg\u00f3 Rodr\u00edguez Sa\u00e1.<\/p>\n\n\n\n<p>El convenio fue celebrado tambi\u00e9n por los municipios que se hicieron presentes con sus representantes comunales, Sergio Tamayo de ciudad de San Luis, Enzo Mir\u00e1bile, de San Mart\u00edn y Ernesto \u201cPipi\u201d Al\u00ed de La Toma.<\/p>\n\n\n\n<p>\u201cSe van a buscar lugares apropiados donde realmente haga falta y donde sean lugares amplios para estos playones deportivos. Son lugares muy lindos, que no solamente va a ser aprovechado por ese barrio, sino que por los barrios tambi\u00e9n que est\u00e1n a sus alrededores\u201d, asegur\u00f3 Sergio Tamayo luego de la firma.<\/p>\n\n\n\n<p>Por su parte, Tolosa Paz, destac\u00f3 la buena administraci\u00f3n de la provincia que facilita la r\u00e1pida ejecuci\u00f3n de estas pol\u00edticas en San Luis. \u201cEsta provincia tiene una capacidad que pocas veces vimos de planificaci\u00f3n, no solamente en las ciudades sino tambi\u00e9n en el rol del Estado. Me da mucho orgullo cuando venimos, nos sorprenden permanentemente con nueva infraestructura, nuevas ciudades, nuevo equipamiento\u201d, expres\u00f3 la ministra y agreg\u00f3 que consideran importante la planificaci\u00f3n de las obras como as\u00ed su ejecuci\u00f3n en tiempo y forma.<\/p>\n\n\n\n<p>Esta obra, que est\u00e1 destinada a potenciar el reencuentro social y el deporte en familia, formar\u00e1 parte de una plan nacional que construir\u00e1 400 playones deportivos y circuitos aer\u00f3bicos en todo el pa\u00eds a trav\u00e9s del Programa Mejor Barrio del Ministerio de Desarrollo Social de la Naci\u00f3n.<\/p>\n","protected":false},"excerpt":{"rendered":"<p>Hoy por la tarde, el gobernador Alberto Rodr\u00edguez Sa\u00e1 firm\u00f3 un convenio con la titular del Ministerio de Desarrollo Social de Naci\u00f3n, Victoria Tolosa Paz, para iniciar la obra de 6 playones deportivos que se distribuir\u00e1n tres en San Luis, dos en La Toma y uno en San Mart\u00edn. Los nuevos espacios estar\u00e1n destinados al [&hellip;]<\/p>\n","protected":false},"author":1,"featured_media":585,"comment_status":"open","ping_status":"open","sticky":false,"template":"","format":"standard","meta":{"footnotes":""},"categories":[3,67],"tags":[6,181,182],"class_list":["post-584","post","type-post","status-publish","format-standard","has-post-thumbnail","hentry","category-la-toma","category-san-martin","tag-la-toma","tag-playones-deportivos","tag-san-martin"],"_links":{"self":[{"href":"https:\/\/vecinosdelinterior.com\/index.php\/wp-json\/wp\/v2\/posts\/584","targetHints":{"allow":["GET"]}}],"collection":[{"href":"https:\/\/vecinosdelinterior.com\/index.php\/wp-json\/wp\/v2\/posts"}],"about":[{"href":"https:\/\/vecinosdelinterior.com\/index.php\/wp-json\/wp\/v2\/types\/post"}],"author":[{"embeddable":true,"href":"https:\/\/vecinosdelinterior.com\/index.php\/wp-json\/wp\/v2\/users\/1"}],"replies":[{"embeddable":true,"href":"https:\/\/vecinosdelinterior.com\/index.php\/wp-json\/wp\/v2\/comments?post=584"}],"version-history":[{"count":1,"href":"https:\/\/vecinosdelinterior.com\/index.php\/wp-json\/wp\/v2\/posts\/584\/revisions"}],"predecessor-version":[{"id":586,"href":"https:\/\/vecinosdelinterior.com\/index.php\/wp-json\/wp\/v2\/posts\/584\/revisions\/586"}],"wp:featuredmedia":[{"embeddable":true,"href":"https:\/\/vecinosdelinterior.com\/index.php\/wp-json\/wp\/v2\/media\/585"}],"wp:attachment":[{"href":"https:\/\/vecinosdelinterior.com\/index.php\/wp-json\/wp\/v2\/media?parent=584"}],"wp:term":[{"taxonomy":"category","embeddable":true,"href":"https:\/\/vecinosdelinterior.com\/index.php\/wp-json\/wp\/v2\/categories?post=584"},{"taxonomy":"post_tag","embeddable":true,"href":"https:\/\/vecinosdelinterior.com\/index.php\/wp-json\/wp\/v2\/tags?post=584"}],"curies":[{"name":"wp","href":"https:\/\/api.w.org\/{rel}","templated":true}]}}