{"id":5847,"date":"2025-11-22T15:37:36","date_gmt":"2025-11-22T18:37:36","guid":{"rendered":"https:\/\/vecinosdelinterior.com\/?p=5847"},"modified":"2025-11-25T15:39:19","modified_gmt":"2025-11-25T18:39:19","slug":"cayo-un-arbol-en-el-solar-historico-de-san-francisco","status":"publish","type":"post","link":"https:\/\/vecinosdelinterior.com\/index.php\/2025\/11\/22\/cayo-un-arbol-en-el-solar-historico-de-san-francisco\/","title":{"rendered":"Cay\u00f3 un \u00e1rbol en el Solar Hist\u00f3rico de San Francisco"},"content":{"rendered":"\n<p><br>Vecinos del Interior Puntano \/22 de noviembre<br>Justo en un fin de semana largo en el que se espera que algunos turistas lleguen a las localidades del interior de la provincia, un \u00e1rbol seco que estaba en los alrededores de la escuela fundada por Domingo Faustino Sarmiento, un atractivo central de San Francisco del Monte de Oro, cedi\u00f3 y cay\u00f3 en cercan\u00edas del edificio.<br>Las autoridades del pueblo se apuraron en afirmar que el accidente no da\u00f1\u00f3 la estructura de la escuelita, aunque s\u00ed las columnas y el techo que protegen a la reliquia hist\u00f3rica. En la municipalidad sanfrancisque\u00f1a informaron que no se registraron heridos.<\/p>\n\n\n\n<figure class=\"wp-block-image size-full is-resized\"><img fetchpriority=\"high\" decoding=\"async\" width=\"312\" height=\"175\" src=\"https:\/\/vecinosdelinterior.com\/wp-content\/uploads\/2025\/11\/587674799_708455975638425_5642920507254656700_n.jpg\" alt=\"\" class=\"wp-image-5848\" style=\"width:669px;height:auto\" srcset=\"https:\/\/vecinosdelinterior.com\/wp-content\/uploads\/2025\/11\/587674799_708455975638425_5642920507254656700_n.jpg 312w, https:\/\/vecinosdelinterior.com\/wp-content\/uploads\/2025\/11\/587674799_708455975638425_5642920507254656700_n-300x168.jpg 300w\" sizes=\"(max-width: 312px) 100vw, 312px\" \/><\/figure>\n\n\n\n<p><br>El \u00e1rbol que cay\u00f3 estaba hace un tiempo largo en peligro de derrumbe, ya que tiene muchos a\u00f1os y a simple vista se notaba lo endeble de su postura. Algunos vecinos dijeron que hace tiempo qu ped\u00edan que lo sacaran. Sin embargo, las razones de la ca\u00edda habr\u00edan sido los fuertes vientos que se registraron en la localidad.<br>Por el hecho, quedaron suspendidas.<br>Fuente: EDDLR<\/p>\n","protected":false},"excerpt":{"rendered":"<p>Vecinos del Interior Puntano \/22 de noviembreJusto en un fin de semana largo en el que se espera que algunos turistas lleguen a las localidades del interior de la provincia, un \u00e1rbol seco que estaba en los alrededores de la escuela fundada por Domingo Faustino Sarmiento, un atractivo central de San Francisco del Monte de [&hellip;]<\/p>\n","protected":false},"author":1,"featured_media":5848,"comment_status":"open","ping_status":"open","sticky":false,"template":"","format":"standard","meta":{"footnotes":""},"categories":[8,9],"tags":[],"class_list":["post-5847","post","type-post","status-publish","format-standard","has-post-thumbnail","hentry","category-ayacucho","category-san-francisco"],"_links":{"self":[{"href":"https:\/\/vecinosdelinterior.com\/index.php\/wp-json\/wp\/v2\/posts\/5847","targetHints":{"allow":["GET"]}}],"collection":[{"href":"https:\/\/vecinosdelinterior.com\/index.php\/wp-json\/wp\/v2\/posts"}],"about":[{"href":"https:\/\/vecinosdelinterior.com\/index.php\/wp-json\/wp\/v2\/types\/post"}],"author":[{"embeddable":true,"href":"https:\/\/vecinosdelinterior.com\/index.php\/wp-json\/wp\/v2\/users\/1"}],"replies":[{"embeddable":true,"href":"https:\/\/vecinosdelinterior.com\/index.php\/wp-json\/wp\/v2\/comments?post=5847"}],"version-history":[{"count":1,"href":"https:\/\/vecinosdelinterior.com\/index.php\/wp-json\/wp\/v2\/posts\/5847\/revisions"}],"predecessor-version":[{"id":5849,"href":"https:\/\/vecinosdelinterior.com\/index.php\/wp-json\/wp\/v2\/posts\/5847\/revisions\/5849"}],"wp:featuredmedia":[{"embeddable":true,"href":"https:\/\/vecinosdelinterior.com\/index.php\/wp-json\/wp\/v2\/media\/5848"}],"wp:attachment":[{"href":"https:\/\/vecinosdelinterior.com\/index.php\/wp-json\/wp\/v2\/media?parent=5847"}],"wp:term":[{"taxonomy":"category","embeddable":true,"href":"https:\/\/vecinosdelinterior.com\/index.php\/wp-json\/wp\/v2\/categories?post=5847"},{"taxonomy":"post_tag","embeddable":true,"href":"https:\/\/vecinosdelinterior.com\/index.php\/wp-json\/wp\/v2\/tags?post=5847"}],"curies":[{"name":"wp","href":"https:\/\/api.w.org\/{rel}","templated":true}]}}