{"id":5864,"date":"2025-11-26T12:47:18","date_gmt":"2025-11-26T15:47:18","guid":{"rendered":"https:\/\/vecinosdelinterior.com\/?p=5864"},"modified":"2025-11-30T12:48:22","modified_gmt":"2025-11-30T15:48:22","slug":"anchorena-vivira-este-fin-de-semana-la-14a-fiesta-de-la-madre-sanluisena","status":"publish","type":"post","link":"https:\/\/vecinosdelinterior.com\/index.php\/2025\/11\/26\/anchorena-vivira-este-fin-de-semana-la-14a-fiesta-de-la-madre-sanluisena\/","title":{"rendered":"Anchorena vivir\u00e1 este fin de semana la 14\u00aa Fiesta de la Madre Sanluise\u00f1a"},"content":{"rendered":"\n<p>VECINOSDELINTERIOR.COM \/ 26 DE NOVIEMBRE<br>La localidad sure\u00f1a organizar\u00e1 una de las celebraciones m\u00e1s esperadas del calendario provincial: la 14\u00aa edici\u00f3n de la Fiesta de la Madre Sanluise\u00f1a, un homenaje que combina tradici\u00f3n, m\u00fasica, arte y emoci\u00f3n, y que se ha consolidado como uno de los eventos culturales y tur\u00edsticos m\u00e1s convocantes del departamento Dupuy.<br>La Fiesta de la Madre Sanluise\u00f1a tendr\u00e1 dos jornadas, el s\u00e1bado 29 y domingo 30 de noviembre, cargadas de propuestas para toda la familia. Organizada por la municipalidad de Anchorena, la fiesta reafirma sus ra\u00edces, celebra la figura de la mujer sanluise\u00f1a y proyecta a la localidad como un destino atractivo para visitantes de toda la regi\u00f3n.<br>Con 14 ediciones ininterrumpidas, la Fiesta de la Madre Sanluise\u00f1a se ha transformado en un s\u00edmbolo de la identidad local. Su crecimiento a\u00f1o a a\u00f1o no solo impulsa su sentido popular, sino que tambi\u00e9n tiene un impacto directo en la econom\u00eda local, ya que arriban cientos de visitantes, familias, agrupaciones gauchas y artistas de distintos puntos de la provincia y provincias vecinas.<\/p>\n\n\n\n<figure class=\"wp-block-image size-full\"><img fetchpriority=\"high\" decoding=\"async\" width=\"940\" height=\"788\" src=\"https:\/\/vecinosdelinterior.com\/wp-content\/uploads\/2025\/11\/589913985_711527715331251_620696644979089015_n.jpg\" alt=\"\" class=\"wp-image-5865\" srcset=\"https:\/\/vecinosdelinterior.com\/wp-content\/uploads\/2025\/11\/589913985_711527715331251_620696644979089015_n.jpg 940w, https:\/\/vecinosdelinterior.com\/wp-content\/uploads\/2025\/11\/589913985_711527715331251_620696644979089015_n-300x251.jpg 300w, https:\/\/vecinosdelinterior.com\/wp-content\/uploads\/2025\/11\/589913985_711527715331251_620696644979089015_n-768x644.jpg 768w, https:\/\/vecinosdelinterior.com\/wp-content\/uploads\/2025\/11\/589913985_711527715331251_620696644979089015_n-750x629.jpg 750w\" sizes=\"(max-width: 940px) 100vw, 940px\" \/><\/figure>\n\n\n\n<p><br>La mezcla de tradici\u00f3n, cultura y espect\u00e1culos genera un movimiento que fortalece a los prestadores locales, gastronom\u00eda, comercios, alojamiento, servicios, posicionando a Anchorena dentro del mapa de eventos destacados de San Luis.<br>Homenaje a la mujer, la familia y la cultura provincial<br>La Fiesta de la Madre Sanluise\u00f1a no es solo un evento recreativo, es un reconocimiento al valor de la mujer en la vida social y cultural de la provincia. Esta celebraci\u00f3n articula historia, m\u00fasica, danza y tradici\u00f3n en un entorno comunitario que cada a\u00f1o convoca a m\u00e1s personas.<br>Adem\u00e1s, su continuidad y crecimiento la posicionan como un atractivo tur\u00edstico que impulsa la descentralizaci\u00f3n cultural.<br>S\u00e1bado 29: desfile, arte y una noche a puro espect\u00e1culo<br>La fiesta comenzar\u00e1 a las 18:00 con un gran desfile sobre la avenida Hip\u00f3lito Yrigoyen. Participar\u00e1n veh\u00edculos antiguos, instituciones locales, centros tradicionalistas y tropillas entabladas, un recorrido que celebra la historia, los oficios y las tradiciones gauchas de la regi\u00f3n.<br>Desde las 20:00, la actividad se trasladar\u00e1 al SUM Municipal, donde el p\u00fablico podr\u00e1 disfrutar de Ballet Nuestras Ra\u00edces, con la fuerza y elegancia del folclore local. El talento de Joaqu\u00edn Chiavarino, artista de proyecci\u00f3n regional. El humor inconfundible de Beto Moya, para toda la familia, con las actuaciones de Paquito Oca\u00f1o.<br>El show de Yuthiel, ex Banda XXI, que llevar\u00e1 la noche a la pista con su estilo caracter\u00edstico. El cierre estar\u00e1 a cargo del DJ Nico Ortega.<br>Domingo 30: la tradici\u00f3n del campo como protagonista<br>El segundo d\u00eda de la fiesta estar\u00e1 dedicado a una de las expresiones m\u00e1s profundas de la cultura rural, en el Campo de Doma entre Amigos y Caldenes, desde las 8:00 hasta las 17:00. Gran Jineteada, un cl\u00e1sico de la regi\u00f3n que atrae aficionados de distintos puntos del pa\u00eds. La destreza, la fuerza y la emoci\u00f3n del campo se combinan en un espect\u00e1culo que mantiene viva una de las manifestaciones m\u00e1s aut\u00e9nticas de la identidad gaucha.<\/p>\n","protected":false},"excerpt":{"rendered":"<p>VECINOSDELINTERIOR.COM \/ 26 DE NOVIEMBRELa localidad sure\u00f1a organizar\u00e1 una de las celebraciones m\u00e1s esperadas del calendario provincial: la 14\u00aa edici\u00f3n de la Fiesta de la Madre Sanluise\u00f1a, un homenaje que combina tradici\u00f3n, m\u00fasica, arte y emoci\u00f3n, y que se ha consolidado como uno de los eventos culturales y tur\u00edsticos m\u00e1s convocantes del departamento Dupuy.La Fiesta [&hellip;]<\/p>\n","protected":false},"author":1,"featured_media":5865,"comment_status":"open","ping_status":"open","sticky":false,"template":"","format":"standard","meta":{"footnotes":""},"categories":[16],"tags":[246],"class_list":["post-5864","post","type-post","status-publish","format-standard","has-post-thumbnail","hentry","category-dupuy","tag-anchorena"],"_links":{"self":[{"href":"https:\/\/vecinosdelinterior.com\/index.php\/wp-json\/wp\/v2\/posts\/5864","targetHints":{"allow":["GET"]}}],"collection":[{"href":"https:\/\/vecinosdelinterior.com\/index.php\/wp-json\/wp\/v2\/posts"}],"about":[{"href":"https:\/\/vecinosdelinterior.com\/index.php\/wp-json\/wp\/v2\/types\/post"}],"author":[{"embeddable":true,"href":"https:\/\/vecinosdelinterior.com\/index.php\/wp-json\/wp\/v2\/users\/1"}],"replies":[{"embeddable":true,"href":"https:\/\/vecinosdelinterior.com\/index.php\/wp-json\/wp\/v2\/comments?post=5864"}],"version-history":[{"count":1,"href":"https:\/\/vecinosdelinterior.com\/index.php\/wp-json\/wp\/v2\/posts\/5864\/revisions"}],"predecessor-version":[{"id":5866,"href":"https:\/\/vecinosdelinterior.com\/index.php\/wp-json\/wp\/v2\/posts\/5864\/revisions\/5866"}],"wp:featuredmedia":[{"embeddable":true,"href":"https:\/\/vecinosdelinterior.com\/index.php\/wp-json\/wp\/v2\/media\/5865"}],"wp:attachment":[{"href":"https:\/\/vecinosdelinterior.com\/index.php\/wp-json\/wp\/v2\/media?parent=5864"}],"wp:term":[{"taxonomy":"category","embeddable":true,"href":"https:\/\/vecinosdelinterior.com\/index.php\/wp-json\/wp\/v2\/categories?post=5864"},{"taxonomy":"post_tag","embeddable":true,"href":"https:\/\/vecinosdelinterior.com\/index.php\/wp-json\/wp\/v2\/tags?post=5864"}],"curies":[{"name":"wp","href":"https:\/\/api.w.org\/{rel}","templated":true}]}}