{"id":5867,"date":"2025-11-26T12:48:33","date_gmt":"2025-11-26T15:48:33","guid":{"rendered":"https:\/\/vecinosdelinterior.com\/?p=5867"},"modified":"2025-11-30T12:49:56","modified_gmt":"2025-11-30T15:49:56","slug":"presentaron-la-grilla-de-artistas-para-la-fiesta-del-granito-en-potrerillo","status":"publish","type":"post","link":"https:\/\/vecinosdelinterior.com\/index.php\/2025\/11\/26\/presentaron-la-grilla-de-artistas-para-la-fiesta-del-granito-en-potrerillo\/","title":{"rendered":"Presentaron la grilla de artistas para la Fiesta del Granito en Potrerillo"},"content":{"rendered":"\n<p>VECINOSDELINTERIOR.COM \/ 26 DE NOVIEMBRE<br>La celebraci\u00f3n se realizar\u00e1 el 7 de diciembre, con entrada libre y gratuita, y contar\u00e1 con espect\u00e1culos musicales, ballet folcl\u00f3rico, homenaje a los picapedreros y propuestas tradicionales que forman parte de la identidad cultural del departamento San Mart\u00edn.<br>Potrerillo se prepara para la edici\u00f3n n\u00famero 32 de la Fiesta Provincial del Granito, una jornada que cada a\u00f1o convoca a vecinos, turistas y artistas de toda la regi\u00f3n. Desde la organizaci\u00f3n se dio a conocer la grilla completa de artistas que acompa\u00f1ar\u00e1n la celebraci\u00f3n del pr\u00f3ximo domingo 7 de diciembre.<br>La propuesta combinar\u00e1 m\u00fasica en vivo, desfile gaucho, homenaje a los picapedreros y espacios destinados a emprendedores y productores regionales. Es parte de los \u201950 festivales\u2019 que se realizar\u00e1n en distintos pueblos de la provincia.<\/p>\n\n\n\n<figure class=\"wp-block-gallery has-nested-images columns-default is-cropped wp-block-gallery-1 is-layout-flex wp-block-gallery-is-layout-flex\">\n<figure class=\"wp-block-image size-large\"><img fetchpriority=\"high\" decoding=\"async\" width=\"1024\" height=\"682\" data-id=\"5870\" src=\"https:\/\/vecinosdelinterior.com\/wp-content\/uploads\/2025\/11\/590433731_711522041998485_8262799329776473310_n-1024x682.jpg\" alt=\"\" class=\"wp-image-5870\" srcset=\"https:\/\/vecinosdelinterior.com\/wp-content\/uploads\/2025\/11\/590433731_711522041998485_8262799329776473310_n-1024x682.jpg 1024w, https:\/\/vecinosdelinterior.com\/wp-content\/uploads\/2025\/11\/590433731_711522041998485_8262799329776473310_n-300x200.jpg 300w, https:\/\/vecinosdelinterior.com\/wp-content\/uploads\/2025\/11\/590433731_711522041998485_8262799329776473310_n-768x512.jpg 768w, https:\/\/vecinosdelinterior.com\/wp-content\/uploads\/2025\/11\/590433731_711522041998485_8262799329776473310_n-1536x1023.jpg 1536w, https:\/\/vecinosdelinterior.com\/wp-content\/uploads\/2025\/11\/590433731_711522041998485_8262799329776473310_n-750x500.jpg 750w, https:\/\/vecinosdelinterior.com\/wp-content\/uploads\/2025\/11\/590433731_711522041998485_8262799329776473310_n-1140x760.jpg 1140w, https:\/\/vecinosdelinterior.com\/wp-content\/uploads\/2025\/11\/590433731_711522041998485_8262799329776473310_n.jpg 1600w\" sizes=\"(max-width: 1024px) 100vw, 1024px\" \/><\/figure>\n\n\n\n<figure class=\"wp-block-image size-large\"><img decoding=\"async\" width=\"819\" height=\"1024\" data-id=\"5869\" src=\"https:\/\/vecinosdelinterior.com\/wp-content\/uploads\/2025\/11\/589763931_711522081998481_1895406277961050352_n-819x1024.jpg\" alt=\"\" class=\"wp-image-5869\" srcset=\"https:\/\/vecinosdelinterior.com\/wp-content\/uploads\/2025\/11\/589763931_711522081998481_1895406277961050352_n-819x1024.jpg 819w, https:\/\/vecinosdelinterior.com\/wp-content\/uploads\/2025\/11\/589763931_711522081998481_1895406277961050352_n-240x300.jpg 240w, https:\/\/vecinosdelinterior.com\/wp-content\/uploads\/2025\/11\/589763931_711522081998481_1895406277961050352_n-768x960.jpg 768w, https:\/\/vecinosdelinterior.com\/wp-content\/uploads\/2025\/11\/589763931_711522081998481_1895406277961050352_n-750x938.jpg 750w, https:\/\/vecinosdelinterior.com\/wp-content\/uploads\/2025\/11\/589763931_711522081998481_1895406277961050352_n.jpg 1080w\" sizes=\"(max-width: 819px) 100vw, 819px\" \/><\/figure>\n\n\n\n<figure class=\"wp-block-image size-large\"><img decoding=\"async\" width=\"590\" height=\"393\" data-id=\"5868\" src=\"https:\/\/vecinosdelinterior.com\/wp-content\/uploads\/2025\/11\/590456130_711522058665150_6968087323867930926_n.jpg\" alt=\"\" class=\"wp-image-5868\" srcset=\"https:\/\/vecinosdelinterior.com\/wp-content\/uploads\/2025\/11\/590456130_711522058665150_6968087323867930926_n.jpg 590w, https:\/\/vecinosdelinterior.com\/wp-content\/uploads\/2025\/11\/590456130_711522058665150_6968087323867930926_n-300x200.jpg 300w\" sizes=\"(max-width: 590px) 100vw, 590px\" \/><\/figure>\n<\/figure>\n\n\n\n<p><br>A lo largo de la noche se presentar\u00e1n un gran n\u00famero de artistas, entre ellos: Ballet Paso Grande, La Cuerda, Ballet Potrerillo, Imperio Gaucho, Algarroba.com, Mario Loyola, Carolina Centuri\u00f3n, Sentimiento Tropical, Clandestino Chamam\u00e9, Los Hermanos Villegas, La Banda del Toni y Tru-la-l\u00e1.<br>Con esta programaci\u00f3n, Potrerillo se prepara para vivir una fiesta que celebra sus ra\u00edces y renueva el sentido de pertenencia de toda la comunidad.<\/p>\n","protected":false},"excerpt":{"rendered":"<p>VECINOSDELINTERIOR.COM \/ 26 DE NOVIEMBRELa celebraci\u00f3n se realizar\u00e1 el 7 de diciembre, con entrada libre y gratuita, y contar\u00e1 con espect\u00e1culos musicales, ballet folcl\u00f3rico, homenaje a los picapedreros y propuestas tradicionales que forman parte de la identidad cultural del departamento San Mart\u00edn.Potrerillo se prepara para la edici\u00f3n n\u00famero 32 de la Fiesta Provincial del Granito, [&hellip;]<\/p>\n","protected":false},"author":1,"featured_media":5868,"comment_status":"open","ping_status":"open","sticky":false,"template":"","format":"standard","meta":{"footnotes":""},"categories":[80],"tags":[],"class_list":["post-5867","post","type-post","status-publish","format-standard","has-post-thumbnail","hentry","category-general"],"_links":{"self":[{"href":"https:\/\/vecinosdelinterior.com\/index.php\/wp-json\/wp\/v2\/posts\/5867","targetHints":{"allow":["GET"]}}],"collection":[{"href":"https:\/\/vecinosdelinterior.com\/index.php\/wp-json\/wp\/v2\/posts"}],"about":[{"href":"https:\/\/vecinosdelinterior.com\/index.php\/wp-json\/wp\/v2\/types\/post"}],"author":[{"embeddable":true,"href":"https:\/\/vecinosdelinterior.com\/index.php\/wp-json\/wp\/v2\/users\/1"}],"replies":[{"embeddable":true,"href":"https:\/\/vecinosdelinterior.com\/index.php\/wp-json\/wp\/v2\/comments?post=5867"}],"version-history":[{"count":1,"href":"https:\/\/vecinosdelinterior.com\/index.php\/wp-json\/wp\/v2\/posts\/5867\/revisions"}],"predecessor-version":[{"id":5871,"href":"https:\/\/vecinosdelinterior.com\/index.php\/wp-json\/wp\/v2\/posts\/5867\/revisions\/5871"}],"wp:featuredmedia":[{"embeddable":true,"href":"https:\/\/vecinosdelinterior.com\/index.php\/wp-json\/wp\/v2\/media\/5868"}],"wp:attachment":[{"href":"https:\/\/vecinosdelinterior.com\/index.php\/wp-json\/wp\/v2\/media?parent=5867"}],"wp:term":[{"taxonomy":"category","embeddable":true,"href":"https:\/\/vecinosdelinterior.com\/index.php\/wp-json\/wp\/v2\/categories?post=5867"},{"taxonomy":"post_tag","embeddable":true,"href":"https:\/\/vecinosdelinterior.com\/index.php\/wp-json\/wp\/v2\/tags?post=5867"}],"curies":[{"name":"wp","href":"https:\/\/api.w.org\/{rel}","templated":true}]}}