{"id":5872,"date":"2025-12-01T21:44:32","date_gmt":"2025-12-02T00:44:32","guid":{"rendered":"https:\/\/vecinosdelinterior.com\/?p=5872"},"modified":"2025-12-01T21:44:33","modified_gmt":"2025-12-02T00:44:33","slug":"la-carolina-completo-su-descacharrado","status":"publish","type":"post","link":"https:\/\/vecinosdelinterior.com\/index.php\/2025\/12\/01\/la-carolina-completo-su-descacharrado\/","title":{"rendered":"La Carolina complet\u00f3 su descacharrado"},"content":{"rendered":"\n<p>VECINOSDELINTERIOR.COM \/ 01 DE DICIEMBRE<br>La secretar\u00eda de Ambiente y Desarrollo Sustentable y el municipio de La Carolina realizaron el descacharrado del ejido municipal. La jornada se enmarca en la campa\u00f1a de lucha contra el dengue.<br>La Carolina desarrolla acciones preventivas contra el dengue.<br>El equipo municipal de La Carolina recolect\u00f3 neum\u00e1ticos, muebles, electrodom\u00e9sticos en desuso y varios otros objetos que puedan convertirse en criadero de mosquitos transmisores de dengue, zika o chikungunya. Los residuos, que suman m\u00e1s de 1.400 kilos, fueron luego trasladados por el Ente de Residuos a la planta recuperadora de Donovan.<br>La modalidad de trabajo consiste en que cada municipio informe en su localidad un d\u00eda y horario espec\u00edfico en el que sus vecinos puedan disponer sus cacharros en la v\u00eda p\u00fablica, para ser recolectados por los empleados municipales. Lo acopiado, fue trasladado hacia la planta de tratamiento m\u00e1s cercana.<br>De esta forma, adem\u00e1s de prevenir los criaderos de mosquito tambi\u00e9n se dispone de forma correcta los residuos que ser\u00e1n tratados para su reingreso en la industria como materia prima, evitando que contamine los ecosistemas locales.<\/p>\n\n\n\n<figure class=\"wp-block-gallery has-nested-images columns-default is-cropped wp-block-gallery-1 is-layout-flex wp-block-gallery-is-layout-flex\">\n<figure class=\"wp-block-image size-large\"><img fetchpriority=\"high\" decoding=\"async\" width=\"590\" height=\"393\" data-id=\"5874\" src=\"https:\/\/vecinosdelinterior.com\/wp-content\/uploads\/2025\/12\/594054846_715243581626331_2757335486583735540_n.jpg\" alt=\"\" class=\"wp-image-5874\" srcset=\"https:\/\/vecinosdelinterior.com\/wp-content\/uploads\/2025\/12\/594054846_715243581626331_2757335486583735540_n.jpg 590w, https:\/\/vecinosdelinterior.com\/wp-content\/uploads\/2025\/12\/594054846_715243581626331_2757335486583735540_n-300x200.jpg 300w\" sizes=\"(max-width: 590px) 100vw, 590px\" \/><\/figure>\n\n\n\n<figure class=\"wp-block-image size-large\"><img decoding=\"async\" width=\"1024\" height=\"683\" data-id=\"5873\" src=\"https:\/\/vecinosdelinterior.com\/wp-content\/uploads\/2025\/12\/594065953_715243611626328_6114938428963561933_n-1024x683.jpg\" alt=\"\" class=\"wp-image-5873\" srcset=\"https:\/\/vecinosdelinterior.com\/wp-content\/uploads\/2025\/12\/594065953_715243611626328_6114938428963561933_n-1024x683.jpg 1024w, https:\/\/vecinosdelinterior.com\/wp-content\/uploads\/2025\/12\/594065953_715243611626328_6114938428963561933_n-300x200.jpg 300w, https:\/\/vecinosdelinterior.com\/wp-content\/uploads\/2025\/12\/594065953_715243611626328_6114938428963561933_n-768x512.jpg 768w, https:\/\/vecinosdelinterior.com\/wp-content\/uploads\/2025\/12\/594065953_715243611626328_6114938428963561933_n-1536x1024.jpg 1536w, https:\/\/vecinosdelinterior.com\/wp-content\/uploads\/2025\/12\/594065953_715243611626328_6114938428963561933_n-750x500.jpg 750w, https:\/\/vecinosdelinterior.com\/wp-content\/uploads\/2025\/12\/594065953_715243611626328_6114938428963561933_n-1140x760.jpg 1140w, https:\/\/vecinosdelinterior.com\/wp-content\/uploads\/2025\/12\/594065953_715243611626328_6114938428963561933_n.jpg 1600w\" sizes=\"(max-width: 1024px) 100vw, 1024px\" \/><\/figure>\n<\/figure>\n\n\n\n<p><br>La actividad fue coordinada entre el director de Gesti\u00f3n Ambiental de Residuos, An\u00edbal Catt\u00e1neo y el intendente Ranulfo Villegas. La campa\u00f1a forma parte de las pol\u00edticas p\u00fablicas para prevenir la reproducci\u00f3n de mosquitos Aedes Aegypti e incentiva a todos los sanluise\u00f1os a participar dentro de su comunidad.<br>Es importante recordar que el descacharrado contempla aquellos residuos que puedan contener agua estancada como latas, botellas, fuentones, macetas, vasijas, neum\u00e1ticos, entre otros.<br>La renovaci\u00f3n d\u00eda por medio del agua de los floreros y bebederos de los animales.<br>Colocaci\u00f3n boca abajo de los recipientes que puedan contener agua de lluvia, como baldes, frascos y macetas.<br>Tapar los recipientes utilizados para almacenar agua, como tanques, barriles y toneles.<br>La limpieza de las canaletas y desag\u00fces pluviales de los techos del hogar.<br>Colocaci\u00f3n de mosquiteros o telas met\u00e1licas en las aberturas de las viviendas.<br>La limpieza del patio, tanto de recipientes y objetos en desuso como el cuidado del pasto y otras plantas.<br>La limpieza del hogar.<\/p>\n","protected":false},"excerpt":{"rendered":"<p>VECINOSDELINTERIOR.COM \/ 01 DE DICIEMBRELa secretar\u00eda de Ambiente y Desarrollo Sustentable y el municipio de La Carolina realizaron el descacharrado del ejido municipal. La jornada se enmarca en la campa\u00f1a de lucha contra el dengue.La Carolina desarrolla acciones preventivas contra el dengue.El equipo municipal de La Carolina recolect\u00f3 neum\u00e1ticos, muebles, electrodom\u00e9sticos en desuso y varios [&hellip;]<\/p>\n","protected":false},"author":1,"featured_media":5873,"comment_status":"open","ping_status":"open","sticky":false,"template":"","format":"standard","meta":{"footnotes":""},"categories":[112,2],"tags":[176],"class_list":["post-5872","post","type-post","status-publish","format-standard","has-post-thumbnail","hentry","category-la-carolina","category-pringles","tag-medioambiente"],"_links":{"self":[{"href":"https:\/\/vecinosdelinterior.com\/index.php\/wp-json\/wp\/v2\/posts\/5872","targetHints":{"allow":["GET"]}}],"collection":[{"href":"https:\/\/vecinosdelinterior.com\/index.php\/wp-json\/wp\/v2\/posts"}],"about":[{"href":"https:\/\/vecinosdelinterior.com\/index.php\/wp-json\/wp\/v2\/types\/post"}],"author":[{"embeddable":true,"href":"https:\/\/vecinosdelinterior.com\/index.php\/wp-json\/wp\/v2\/users\/1"}],"replies":[{"embeddable":true,"href":"https:\/\/vecinosdelinterior.com\/index.php\/wp-json\/wp\/v2\/comments?post=5872"}],"version-history":[{"count":1,"href":"https:\/\/vecinosdelinterior.com\/index.php\/wp-json\/wp\/v2\/posts\/5872\/revisions"}],"predecessor-version":[{"id":5875,"href":"https:\/\/vecinosdelinterior.com\/index.php\/wp-json\/wp\/v2\/posts\/5872\/revisions\/5875"}],"wp:featuredmedia":[{"embeddable":true,"href":"https:\/\/vecinosdelinterior.com\/index.php\/wp-json\/wp\/v2\/media\/5873"}],"wp:attachment":[{"href":"https:\/\/vecinosdelinterior.com\/index.php\/wp-json\/wp\/v2\/media?parent=5872"}],"wp:term":[{"taxonomy":"category","embeddable":true,"href":"https:\/\/vecinosdelinterior.com\/index.php\/wp-json\/wp\/v2\/categories?post=5872"},{"taxonomy":"post_tag","embeddable":true,"href":"https:\/\/vecinosdelinterior.com\/index.php\/wp-json\/wp\/v2\/tags?post=5872"}],"curies":[{"name":"wp","href":"https:\/\/api.w.org\/{rel}","templated":true}]}}