{"id":5879,"date":"2025-12-03T23:43:14","date_gmt":"2025-12-04T02:43:14","guid":{"rendered":"https:\/\/vecinosdelinterior.com\/?p=5879"},"modified":"2025-12-03T23:43:14","modified_gmt":"2025-12-04T02:43:14","slug":"juraron-los-nuevos-diputados-nacionales-por-san-luis","status":"publish","type":"post","link":"https:\/\/vecinosdelinterior.com\/index.php\/2025\/12\/03\/juraron-los-nuevos-diputados-nacionales-por-san-luis\/","title":{"rendered":"Juraron los nuevos diputados nacionales por San Luis"},"content":{"rendered":"\n<p>Vecinos De La Punta \/03 de diciembre<br>M\u00f3nica Becerra, Carlos Almena y Jorge \u201cGato\u201d Fern\u00e1ndez asumieron este martes como diputados nacionales por San Luis durante una sesi\u00f3n especial que cont\u00f3 con la presencia del presidente Javier Milei. Los legisladores quedar\u00e1n incorporados formalmente a la C\u00e1mara baja a partir del 10 de diciembre.<br>Adem\u00e1s, se acept\u00f3 la renuncia de Carlos D\u2019Alessandro, quien pasar\u00e1 a la Legislatura provincial. Su banca en el Congreso ser\u00e1 ocupada por el dirigente de UTGRA San Luis, Claudio \u00c1lvarez. El otro representante puntano que contin\u00faa en funciones es el justicialista Ernesto \u201cPipi\u201d Al\u00ed, con mandato vigente.<\/p>\n\n\n\n<figure class=\"wp-block-gallery has-nested-images columns-default is-cropped wp-block-gallery-1 is-layout-flex wp-block-gallery-is-layout-flex\">\n<figure class=\"wp-block-image size-large\"><img fetchpriority=\"high\" decoding=\"async\" width=\"1024\" height=\"476\" data-id=\"5880\" src=\"https:\/\/vecinosdelinterior.com\/wp-content\/uploads\/2025\/12\/3-12-2025-23-37-42-1024x476.png\" alt=\"\" class=\"wp-image-5880\" srcset=\"https:\/\/vecinosdelinterior.com\/wp-content\/uploads\/2025\/12\/3-12-2025-23-37-42-1024x476.png 1024w, https:\/\/vecinosdelinterior.com\/wp-content\/uploads\/2025\/12\/3-12-2025-23-37-42-300x140.png 300w, https:\/\/vecinosdelinterior.com\/wp-content\/uploads\/2025\/12\/3-12-2025-23-37-42-768x357.png 768w, https:\/\/vecinosdelinterior.com\/wp-content\/uploads\/2025\/12\/3-12-2025-23-37-42-750x349.png 750w, https:\/\/vecinosdelinterior.com\/wp-content\/uploads\/2025\/12\/3-12-2025-23-37-42-1140x530.png 1140w, https:\/\/vecinosdelinterior.com\/wp-content\/uploads\/2025\/12\/3-12-2025-23-37-42.png 1369w\" sizes=\"(max-width: 1024px) 100vw, 1024px\" \/><\/figure>\n<\/figure>\n","protected":false},"excerpt":{"rendered":"<p>Vecinos De La Punta \/03 de diciembreM\u00f3nica Becerra, Carlos Almena y Jorge \u201cGato\u201d Fern\u00e1ndez asumieron este martes como diputados nacionales por San Luis durante una sesi\u00f3n especial que cont\u00f3 con la presencia del presidente Javier Milei. Los legisladores quedar\u00e1n incorporados formalmente a la C\u00e1mara baja a partir del 10 de diciembre.Adem\u00e1s, se acept\u00f3 la renuncia [&hellip;]<\/p>\n","protected":false},"author":1,"featured_media":5880,"comment_status":"open","ping_status":"open","sticky":false,"template":"","format":"standard","meta":{"footnotes":""},"categories":[29,30],"tags":[],"class_list":["post-5879","post","type-post","status-publish","format-standard","has-post-thumbnail","hentry","category-chacabuco","category-tilisarao"],"_links":{"self":[{"href":"https:\/\/vecinosdelinterior.com\/index.php\/wp-json\/wp\/v2\/posts\/5879","targetHints":{"allow":["GET"]}}],"collection":[{"href":"https:\/\/vecinosdelinterior.com\/index.php\/wp-json\/wp\/v2\/posts"}],"about":[{"href":"https:\/\/vecinosdelinterior.com\/index.php\/wp-json\/wp\/v2\/types\/post"}],"author":[{"embeddable":true,"href":"https:\/\/vecinosdelinterior.com\/index.php\/wp-json\/wp\/v2\/users\/1"}],"replies":[{"embeddable":true,"href":"https:\/\/vecinosdelinterior.com\/index.php\/wp-json\/wp\/v2\/comments?post=5879"}],"version-history":[{"count":1,"href":"https:\/\/vecinosdelinterior.com\/index.php\/wp-json\/wp\/v2\/posts\/5879\/revisions"}],"predecessor-version":[{"id":5881,"href":"https:\/\/vecinosdelinterior.com\/index.php\/wp-json\/wp\/v2\/posts\/5879\/revisions\/5881"}],"wp:featuredmedia":[{"embeddable":true,"href":"https:\/\/vecinosdelinterior.com\/index.php\/wp-json\/wp\/v2\/media\/5880"}],"wp:attachment":[{"href":"https:\/\/vecinosdelinterior.com\/index.php\/wp-json\/wp\/v2\/media?parent=5879"}],"wp:term":[{"taxonomy":"category","embeddable":true,"href":"https:\/\/vecinosdelinterior.com\/index.php\/wp-json\/wp\/v2\/categories?post=5879"},{"taxonomy":"post_tag","embeddable":true,"href":"https:\/\/vecinosdelinterior.com\/index.php\/wp-json\/wp\/v2\/tags?post=5879"}],"curies":[{"name":"wp","href":"https:\/\/api.w.org\/{rel}","templated":true}]}}