{"id":5882,"date":"2025-12-03T11:47:00","date_gmt":"2025-12-03T14:47:00","guid":{"rendered":"https:\/\/vecinosdelinterior.com\/?p=5882"},"modified":"2025-12-03T23:48:15","modified_gmt":"2025-12-04T02:48:15","slug":"san-francisco-abrio-una-convocatoria-artistica-a-ninos-de-todo-el-pais","status":"publish","type":"post","link":"https:\/\/vecinosdelinterior.com\/index.php\/2025\/12\/03\/san-francisco-abrio-una-convocatoria-artistica-a-ninos-de-todo-el-pais\/","title":{"rendered":"San Francisco abri\u00f3 una convocatoria art\u00edstica a ni\u00f1os de todo el pa\u00eds"},"content":{"rendered":"\n<p>VECINOSDELINTERIOR.COM \/ 03 DE DICIEMBRE<br>D\u00edas atr\u00e1s, la municipalidad de San Francisco del Monte de Oro present\u00f3 el concurso \u2018Quiero cantar con Christian\u2019, una novedosa iniciativa que permitir\u00e1 que cinco ni\u00f1os de hasta 12 a\u00f1os sean seleccionados para compartir escenario con el destacado cantante popular Christian Herrera, en el 37\u00ba Festival Provincial del Artesano, que tendr\u00e1 lugar el 2 de enero de 2026.<br>Bajo el lema \u2018Si te gusta cantar y quer\u00e9s vivir una experiencia \u00fanica. \u00a1Esta es tu oportunidad!\u2019, la propuesta apunta a que los interesados env\u00eden un video con una duraci\u00f3n m\u00e1xima de 1 minuto, en buena calidad, al tel\u00e9fono 2664-776313 escribiendo la frase \u2018Quiero cantar con Christian Herrera\u2019; luego de eso, el chico o chica puede comenzar a interpretar un fragmento de alg\u00fan tema del artista en cuesti\u00f3n.<br>La inscripci\u00f3n al certamen permanecer\u00e1 abierta hasta el 28 de diciembre. A lo largo de las siguientes semanas, el material se ir\u00e1 subiendo a las respectivas cuentas de Instagram y Facebook de la municipalidad de San Francisco del Monte de Oro.<br>Seg\u00fan precisaron los organizadores, el mismo d\u00eda del cierre de inscripciones, a las 20:00, se dar\u00e1n a conocer los cinco videos que hayan obtenido mayor cantidad de reacciones del p\u00fablico.<\/p>\n\n\n\n<figure class=\"wp-block-image size-large\"><img fetchpriority=\"high\" decoding=\"async\" width=\"1024\" height=\"683\" src=\"https:\/\/vecinosdelinterior.com\/wp-content\/uploads\/2025\/12\/foto2-1-1536x1024-1-1024x683.jpg\" alt=\"\" class=\"wp-image-5883\" srcset=\"https:\/\/vecinosdelinterior.com\/wp-content\/uploads\/2025\/12\/foto2-1-1536x1024-1-1024x683.jpg 1024w, https:\/\/vecinosdelinterior.com\/wp-content\/uploads\/2025\/12\/foto2-1-1536x1024-1-300x200.jpg 300w, https:\/\/vecinosdelinterior.com\/wp-content\/uploads\/2025\/12\/foto2-1-1536x1024-1-768x512.jpg 768w, https:\/\/vecinosdelinterior.com\/wp-content\/uploads\/2025\/12\/foto2-1-1536x1024-1-750x500.jpg 750w, https:\/\/vecinosdelinterior.com\/wp-content\/uploads\/2025\/12\/foto2-1-1536x1024-1-1140x760.jpg 1140w, https:\/\/vecinosdelinterior.com\/wp-content\/uploads\/2025\/12\/foto2-1-1536x1024-1.jpg 1536w\" sizes=\"(max-width: 1024px) 100vw, 1024px\" \/><\/figure>\n","protected":false},"excerpt":{"rendered":"<p>VECINOSDELINTERIOR.COM \/ 03 DE DICIEMBRED\u00edas atr\u00e1s, la municipalidad de San Francisco del Monte de Oro present\u00f3 el concurso \u2018Quiero cantar con Christian\u2019, una novedosa iniciativa que permitir\u00e1 que cinco ni\u00f1os de hasta 12 a\u00f1os sean seleccionados para compartir escenario con el destacado cantante popular Christian Herrera, en el 37\u00ba Festival Provincial del Artesano, que tendr\u00e1 [&hellip;]<\/p>\n","protected":false},"author":1,"featured_media":5767,"comment_status":"open","ping_status":"open","sticky":false,"template":"","format":"standard","meta":{"footnotes":""},"categories":[8,9],"tags":[],"class_list":["post-5882","post","type-post","status-publish","format-standard","has-post-thumbnail","hentry","category-ayacucho","category-san-francisco"],"_links":{"self":[{"href":"https:\/\/vecinosdelinterior.com\/index.php\/wp-json\/wp\/v2\/posts\/5882","targetHints":{"allow":["GET"]}}],"collection":[{"href":"https:\/\/vecinosdelinterior.com\/index.php\/wp-json\/wp\/v2\/posts"}],"about":[{"href":"https:\/\/vecinosdelinterior.com\/index.php\/wp-json\/wp\/v2\/types\/post"}],"author":[{"embeddable":true,"href":"https:\/\/vecinosdelinterior.com\/index.php\/wp-json\/wp\/v2\/users\/1"}],"replies":[{"embeddable":true,"href":"https:\/\/vecinosdelinterior.com\/index.php\/wp-json\/wp\/v2\/comments?post=5882"}],"version-history":[{"count":1,"href":"https:\/\/vecinosdelinterior.com\/index.php\/wp-json\/wp\/v2\/posts\/5882\/revisions"}],"predecessor-version":[{"id":5884,"href":"https:\/\/vecinosdelinterior.com\/index.php\/wp-json\/wp\/v2\/posts\/5882\/revisions\/5884"}],"wp:featuredmedia":[{"embeddable":true,"href":"https:\/\/vecinosdelinterior.com\/index.php\/wp-json\/wp\/v2\/media\/5767"}],"wp:attachment":[{"href":"https:\/\/vecinosdelinterior.com\/index.php\/wp-json\/wp\/v2\/media?parent=5882"}],"wp:term":[{"taxonomy":"category","embeddable":true,"href":"https:\/\/vecinosdelinterior.com\/index.php\/wp-json\/wp\/v2\/categories?post=5882"},{"taxonomy":"post_tag","embeddable":true,"href":"https:\/\/vecinosdelinterior.com\/index.php\/wp-json\/wp\/v2\/tags?post=5882"}],"curies":[{"name":"wp","href":"https:\/\/api.w.org\/{rel}","templated":true}]}}