{"id":5888,"date":"2025-12-03T11:50:00","date_gmt":"2025-12-03T14:50:00","guid":{"rendered":"https:\/\/vecinosdelinterior.com\/?p=5888"},"modified":"2025-12-03T23:50:46","modified_gmt":"2025-12-04T02:50:46","slug":"invitan-a-participar-de-la-2-fiesta-de-la-lavanda-en-nogoli","status":"publish","type":"post","link":"https:\/\/vecinosdelinterior.com\/index.php\/2025\/12\/03\/invitan-a-participar-de-la-2-fiesta-de-la-lavanda-en-nogoli\/","title":{"rendered":"Invitan a participar de la 2\u00b0 Fiesta de la Lavanda en Nogol\u00ed"},"content":{"rendered":"\n<p>VECINOSDELINTERIOR.COM \/ 03 DE DICIEMBRE<br>El evento ser\u00e1 este s\u00e1bado 6, de 17:00 a 21:00, en Finca Aguas Claras-Casa de T\u00e9. Ser\u00e1 una tarde para conectar con los sentidos, el relax y la naturaleza.<br>Este s\u00e1bado, quienes visiten Nogol\u00ed podr\u00e1n vivir una experiencia diferente con la 2\u00b0 Fiesta de la Lavanda. Se trata de una iniciativa organizada por Finca Aguas Claras-Casa de T\u00e9. Las actividades se extender\u00e1n desde las 17:00 hasta las 21:00. En un entorno natural privilegiado, quienes concurran disfrutar\u00e1n de propuestas art\u00edsticas, gastron\u00f3micas y de bienestar.<br>Seg\u00fan informaron los organizadores, el costo de la entrada es de $25.000 de forma individual, y hay disponible un pack de ingreso con descuento para dos o tres personas. Por consultas o reservas, pueden comunicarse por WhatsApp al n\u00famero 2664-547461.<br>\u201cNuestro emprendimiento Finca Aguas Claras-Casa de T\u00e9 naci\u00f3 hace siete a\u00f1os, pero la plantaci\u00f3n de lavanda tiene m\u00e1s de 10 a\u00f1os. La idea de organizar esta fiesta surge con la intenci\u00f3n de poder mostrarle a la gente que viene al lugar las lavandas florecidas, ya que esta variedad florece una sola vez en esta \u00e9poca del a\u00f1o\u201d, comentaron los propietarios del complejo, Mar\u00eda Clara L\u00f3pez y Eduardo Aguirre.<br>\u201cLa gente que viene todo el a\u00f1o observa la planta sin florecer y a\u00fan as\u00ed se saca fotos igual porque les gusta. Ahora, podr\u00e1n contemplarla en su mejor versi\u00f3n. Es la segunda edici\u00f3n que hacemos. Otro dato importante es que nosotros usamos la lavanda para cosm\u00e9tica natural con el apoyo de la Universidad Nacional de San Luis. Nos gustar\u00eda que m\u00e1s personas conozcan esta iniciativa para que pase a ser una fiesta del pueblo en el futuro\u201d, explicaron.<br>El encuentro incluir\u00e1 diversas actividades pensadas para el disfrute de los asistentes: una Masterclass de lavandas con Mar\u00eda Clara, Yoga y meditaci\u00f3n con Liliana Holvoet, espect\u00e1culo de danza folcl\u00f3rica infantil a cargo de la academia \u2018Suspiros del Alma\u2019, una intervenci\u00f3n musical del violinista Pablo Borello y el saxofonista Fabio Gonz\u00e1lez. Adem\u00e1s, habr\u00e1 una merienda con pasteler\u00eda creada especialmente para el momento, con la lavanda como protagonista.<\/p>\n","protected":false},"excerpt":{"rendered":"<p>VECINOSDELINTERIOR.COM \/ 03 DE DICIEMBREEl evento ser\u00e1 este s\u00e1bado 6, de 17:00 a 21:00, en Finca Aguas Claras-Casa de T\u00e9. Ser\u00e1 una tarde para conectar con los sentidos, el relax y la naturaleza.Este s\u00e1bado, quienes visiten Nogol\u00ed podr\u00e1n vivir una experiencia diferente con la 2\u00b0 Fiesta de la Lavanda. Se trata de una iniciativa organizada [&hellip;]<\/p>\n","protected":false},"author":1,"featured_media":5889,"comment_status":"open","ping_status":"open","sticky":false,"template":"","format":"standard","meta":{"footnotes":""},"categories":[92,135],"tags":[],"class_list":["post-5888","post","type-post","status-publish","format-standard","has-post-thumbnail","hentry","category-belgrano","category-nogoli"],"_links":{"self":[{"href":"https:\/\/vecinosdelinterior.com\/index.php\/wp-json\/wp\/v2\/posts\/5888","targetHints":{"allow":["GET"]}}],"collection":[{"href":"https:\/\/vecinosdelinterior.com\/index.php\/wp-json\/wp\/v2\/posts"}],"about":[{"href":"https:\/\/vecinosdelinterior.com\/index.php\/wp-json\/wp\/v2\/types\/post"}],"author":[{"embeddable":true,"href":"https:\/\/vecinosdelinterior.com\/index.php\/wp-json\/wp\/v2\/users\/1"}],"replies":[{"embeddable":true,"href":"https:\/\/vecinosdelinterior.com\/index.php\/wp-json\/wp\/v2\/comments?post=5888"}],"version-history":[{"count":1,"href":"https:\/\/vecinosdelinterior.com\/index.php\/wp-json\/wp\/v2\/posts\/5888\/revisions"}],"predecessor-version":[{"id":5890,"href":"https:\/\/vecinosdelinterior.com\/index.php\/wp-json\/wp\/v2\/posts\/5888\/revisions\/5890"}],"wp:featuredmedia":[{"embeddable":true,"href":"https:\/\/vecinosdelinterior.com\/index.php\/wp-json\/wp\/v2\/media\/5889"}],"wp:attachment":[{"href":"https:\/\/vecinosdelinterior.com\/index.php\/wp-json\/wp\/v2\/media?parent=5888"}],"wp:term":[{"taxonomy":"category","embeddable":true,"href":"https:\/\/vecinosdelinterior.com\/index.php\/wp-json\/wp\/v2\/categories?post=5888"},{"taxonomy":"post_tag","embeddable":true,"href":"https:\/\/vecinosdelinterior.com\/index.php\/wp-json\/wp\/v2\/tags?post=5888"}],"curies":[{"name":"wp","href":"https:\/\/api.w.org\/{rel}","templated":true}]}}