{"id":5901,"date":"2025-12-10T11:16:31","date_gmt":"2025-12-10T14:16:31","guid":{"rendered":"https:\/\/vecinosdelinterior.com\/?p=5901"},"modified":"2025-12-10T11:16:31","modified_gmt":"2025-12-10T14:16:31","slug":"nacio-una-teke-en-la-reserva-florofaunistica-de-la-florida","status":"publish","type":"post","link":"https:\/\/vecinosdelinterior.com\/index.php\/2025\/12\/10\/nacio-una-teke-en-la-reserva-florofaunistica-de-la-florida\/","title":{"rendered":"Naci\u00f3 una teke en la Reserva Florofaun\u00edstica de La Florida"},"content":{"rendered":"\n<p><\/p>\n\n\n\n<p>Una cr\u00eda de llama naci\u00f3 en el recinto donde convive junto a los de su especie. Fue nombrada Brunelinda, en homenaje a su hermana Brunilda y su pap\u00e1 Bruce. Est\u00e1 en buen estado de salud y se encuentra al resguardo de veterinarias y cuidadores.<\/p>\n\n\n\n<p>\u201cNaci\u00f3 entre el viernes a la noche y s\u00e1bado a la ma\u00f1ana, sin dificultad en el parto. Nos aseguramos ese d\u00eda que se prenda a la teta y que se mantenga la higiene del ombligo para evitar bicheras que es una complicaci\u00f3n de esta \u00e9poca\u201d, expres\u00f3 con alegr\u00eda, la veterinaria del Centro de Conservaci\u00f3n de Vida Silvestre, Andrea Gangone.<\/p>\n\n\n\n<figure class=\"wp-block-gallery has-nested-images columns-default is-cropped wp-block-gallery-1 is-layout-flex wp-block-gallery-is-layout-flex\">\n<figure class=\"wp-block-image size-large\"><img fetchpriority=\"high\" decoding=\"async\" width=\"500\" height=\"412\" data-id=\"5902\" src=\"https:\/\/vecinosdelinterior.com\/wp-content\/uploads\/2025\/12\/Brunelinda-500x412-1.jpg\" alt=\"\" class=\"wp-image-5902\" srcset=\"https:\/\/vecinosdelinterior.com\/wp-content\/uploads\/2025\/12\/Brunelinda-500x412-1.jpg 500w, https:\/\/vecinosdelinterior.com\/wp-content\/uploads\/2025\/12\/Brunelinda-500x412-1-300x247.jpg 300w\" sizes=\"(max-width: 500px) 100vw, 500px\" \/><\/figure>\n\n\n\n<figure class=\"wp-block-image size-large\"><img decoding=\"async\" width=\"960\" height=\"640\" data-id=\"5903\" src=\"https:\/\/vecinosdelinterior.com\/wp-content\/uploads\/2025\/12\/Brunelinda-2.jpg\" alt=\"\" class=\"wp-image-5903\" srcset=\"https:\/\/vecinosdelinterior.com\/wp-content\/uploads\/2025\/12\/Brunelinda-2.jpg 960w, https:\/\/vecinosdelinterior.com\/wp-content\/uploads\/2025\/12\/Brunelinda-2-300x200.jpg 300w, https:\/\/vecinosdelinterior.com\/wp-content\/uploads\/2025\/12\/Brunelinda-2-768x512.jpg 768w, https:\/\/vecinosdelinterior.com\/wp-content\/uploads\/2025\/12\/Brunelinda-2-750x500.jpg 750w\" sizes=\"(max-width: 960px) 100vw, 960px\" \/><\/figure>\n<\/figure>\n\n\n\n<p>Esta peque\u00f1a teke (cr\u00eda de llama) ser\u00e1 parte del plantel permanente de esta especie en el Centro de Conservaci\u00f3n de Vida Silvestre. \u201cEl resto de las llamas la recibieron muy bien. Bruce que es el padre, superprotector como siempre, te vigila todo el tiempo que est\u00e1s cerca de la cr\u00eda\u201d, remarc\u00f3 Gangone.<\/p>\n\n\n\n<p>Su pap\u00e1, como Brunilda el a\u00f1o pasado, es Bruce, del que hered\u00f3 las mismas manchas y colores. Bruce es el nombre que los guardaparques y cuidadores le pusieron y su fundamento en la resiliencia del animal, que ha sido v\u00edctima de ataques de perros en los \u00faltimos a\u00f1os (que suelen colarse en la reserva, cuando baja el nivel del dique). Muy guardi\u00e1n, Bruce siempre les hizo frente. Hace m\u00e1s de un a\u00f1o fue severamente lastimado, pero logr\u00f3 recuperarse. Por ello, fue bautizado como Bruce, en homenaje al actor Bruce Willis y su reconocida pel\u00edcula Duro de Matar.<\/p>\n\n\n\n<p>Los visitantes podr\u00e1n ver a la peque\u00f1a Brunelinda, muy pronto. Es importante recordar que la Reserva Florofaun\u00edstica est\u00e1 abierta los d\u00edas viernes, s\u00e1bados, domingos y feriados de 10:00 a 18:00. Con visita guiada al sendero de fauna, a las 10:00 y 17:00.<\/p>\n","protected":false},"excerpt":{"rendered":"<p>Una cr\u00eda de llama naci\u00f3 en el recinto donde convive junto a los de su especie. Fue nombrada Brunelinda, en homenaje a su hermana Brunilda y su pap\u00e1 Bruce. Est\u00e1 en buen estado de salud y se encuentra al resguardo de veterinarias y cuidadores. \u201cNaci\u00f3 entre el viernes a la noche y s\u00e1bado a la [&hellip;]<\/p>\n","protected":false},"author":1,"featured_media":5902,"comment_status":"open","ping_status":"open","sticky":false,"template":"","format":"standard","meta":{"footnotes":""},"categories":[2],"tags":[397],"class_list":["post-5901","post","type-post","status-publish","format-standard","has-post-thumbnail","hentry","category-pringles","tag-reserva-floro-faunistica"],"_links":{"self":[{"href":"https:\/\/vecinosdelinterior.com\/index.php\/wp-json\/wp\/v2\/posts\/5901","targetHints":{"allow":["GET"]}}],"collection":[{"href":"https:\/\/vecinosdelinterior.com\/index.php\/wp-json\/wp\/v2\/posts"}],"about":[{"href":"https:\/\/vecinosdelinterior.com\/index.php\/wp-json\/wp\/v2\/types\/post"}],"author":[{"embeddable":true,"href":"https:\/\/vecinosdelinterior.com\/index.php\/wp-json\/wp\/v2\/users\/1"}],"replies":[{"embeddable":true,"href":"https:\/\/vecinosdelinterior.com\/index.php\/wp-json\/wp\/v2\/comments?post=5901"}],"version-history":[{"count":1,"href":"https:\/\/vecinosdelinterior.com\/index.php\/wp-json\/wp\/v2\/posts\/5901\/revisions"}],"predecessor-version":[{"id":5904,"href":"https:\/\/vecinosdelinterior.com\/index.php\/wp-json\/wp\/v2\/posts\/5901\/revisions\/5904"}],"wp:featuredmedia":[{"embeddable":true,"href":"https:\/\/vecinosdelinterior.com\/index.php\/wp-json\/wp\/v2\/media\/5902"}],"wp:attachment":[{"href":"https:\/\/vecinosdelinterior.com\/index.php\/wp-json\/wp\/v2\/media?parent=5901"}],"wp:term":[{"taxonomy":"category","embeddable":true,"href":"https:\/\/vecinosdelinterior.com\/index.php\/wp-json\/wp\/v2\/categories?post=5901"},{"taxonomy":"post_tag","embeddable":true,"href":"https:\/\/vecinosdelinterior.com\/index.php\/wp-json\/wp\/v2\/tags?post=5901"}],"curies":[{"name":"wp","href":"https:\/\/api.w.org\/{rel}","templated":true}]}}