{"id":5905,"date":"2025-12-10T10:16:00","date_gmt":"2025-12-10T13:16:00","guid":{"rendered":"https:\/\/vecinosdelinterior.com\/?p=5905"},"modified":"2025-12-10T11:17:43","modified_gmt":"2025-12-10T14:17:43","slug":"la-plaza-lafinur-se-prepara-para-una-nueva-edicion-del-festival-del-pastel-criollo","status":"publish","type":"post","link":"https:\/\/vecinosdelinterior.com\/index.php\/2025\/12\/10\/la-plaza-lafinur-se-prepara-para-una-nueva-edicion-del-festival-del-pastel-criollo\/","title":{"rendered":"La Plaza Lafinur se prepara para una nueva edici\u00f3n del Festival del Pastel Criollo"},"content":{"rendered":"\n<p>VECINOSDELINTERIOR.COM \/ 10 DE DICIEMBRE<br>Este s\u00e1bado 27 de diciembre, a las 21:30, la Plaza Lafinur ser\u00e1 nuevamente escenario de una de las celebraciones m\u00e1s tradicionales y esperadas de la comunidad: la 7\u00aa Edici\u00f3n del Festival del Pastel Criollo. El evento reunir\u00e1 aromas, sabores y m\u00fasica en una noche pensada para disfrutar en familia y con amigos.<br>La propuesta incluye una gran feria gastron\u00f3mica con los m\u00e1s aut\u00e9nticos sabores criollos, adem\u00e1s de un paseo de artesanos que desplegar\u00e1 creatividad y tradici\u00f3n en cada puesto. Tambi\u00e9n habr\u00e1 shows en vivo y se realizar\u00e1 la elecci\u00f3n y coronaci\u00f3n de la nueva Reina del Festival, uno de los momentos m\u00e1s destacados de la jornada.<br>El escenario contar\u00e1 con la presentaci\u00f3n de la Academia de Danzas La Candelaria, Rub\u00e9n Barrios, La Cautana, Qu\u00e9 Cuyanos, Los Hermanos Lucero y el cierre a puro baile con la banda Q\u2019 Plan. Con esta variada grilla art\u00edstica y el esp\u00edritu festivo que ya caracteriza al encuentro, la nueva edici\u00f3n promete consolidarse como una cita imperdible para celebrar la identidad local y el inconfundible sabor del pastel criollo.<\/p>\n\n\n\n<figure class=\"wp-block-image size-large\"><img fetchpriority=\"high\" decoding=\"async\" width=\"1024\" height=\"724\" src=\"https:\/\/vecinosdelinterior.com\/wp-content\/uploads\/2025\/12\/591474241_18056495759649881_3306903060661499996_n-1024x724.jpg\" alt=\"\" class=\"wp-image-5906\" srcset=\"https:\/\/vecinosdelinterior.com\/wp-content\/uploads\/2025\/12\/591474241_18056495759649881_3306903060661499996_n-1024x724.jpg 1024w, https:\/\/vecinosdelinterior.com\/wp-content\/uploads\/2025\/12\/591474241_18056495759649881_3306903060661499996_n-300x212.jpg 300w, https:\/\/vecinosdelinterior.com\/wp-content\/uploads\/2025\/12\/591474241_18056495759649881_3306903060661499996_n-768x543.jpg 768w, https:\/\/vecinosdelinterior.com\/wp-content\/uploads\/2025\/12\/591474241_18056495759649881_3306903060661499996_n-120x86.jpg 120w, https:\/\/vecinosdelinterior.com\/wp-content\/uploads\/2025\/12\/591474241_18056495759649881_3306903060661499996_n-750x530.jpg 750w, https:\/\/vecinosdelinterior.com\/wp-content\/uploads\/2025\/12\/591474241_18056495759649881_3306903060661499996_n-1140x806.jpg 1140w, https:\/\/vecinosdelinterior.com\/wp-content\/uploads\/2025\/12\/591474241_18056495759649881_3306903060661499996_n.jpg 1440w\" sizes=\"(max-width: 1024px) 100vw, 1024px\" \/><\/figure>\n","protected":false},"excerpt":{"rendered":"<p>VECINOSDELINTERIOR.COM \/ 10 DE DICIEMBREEste s\u00e1bado 27 de diciembre, a las 21:30, la Plaza Lafinur ser\u00e1 nuevamente escenario de una de las celebraciones m\u00e1s tradicionales y esperadas de la comunidad: la 7\u00aa Edici\u00f3n del Festival del Pastel Criollo. El evento reunir\u00e1 aromas, sabores y m\u00fasica en una noche pensada para disfrutar en familia y con [&hellip;]<\/p>\n","protected":false},"author":1,"featured_media":5906,"comment_status":"open","ping_status":"open","sticky":false,"template":"","format":"standard","meta":{"footnotes":""},"categories":[8,54],"tags":[333],"class_list":["post-5905","post","type-post","status-publish","format-standard","has-post-thumbnail","hentry","category-ayacucho","category-quines-ayacucho","tag-festivales"],"_links":{"self":[{"href":"https:\/\/vecinosdelinterior.com\/index.php\/wp-json\/wp\/v2\/posts\/5905","targetHints":{"allow":["GET"]}}],"collection":[{"href":"https:\/\/vecinosdelinterior.com\/index.php\/wp-json\/wp\/v2\/posts"}],"about":[{"href":"https:\/\/vecinosdelinterior.com\/index.php\/wp-json\/wp\/v2\/types\/post"}],"author":[{"embeddable":true,"href":"https:\/\/vecinosdelinterior.com\/index.php\/wp-json\/wp\/v2\/users\/1"}],"replies":[{"embeddable":true,"href":"https:\/\/vecinosdelinterior.com\/index.php\/wp-json\/wp\/v2\/comments?post=5905"}],"version-history":[{"count":1,"href":"https:\/\/vecinosdelinterior.com\/index.php\/wp-json\/wp\/v2\/posts\/5905\/revisions"}],"predecessor-version":[{"id":5907,"href":"https:\/\/vecinosdelinterior.com\/index.php\/wp-json\/wp\/v2\/posts\/5905\/revisions\/5907"}],"wp:featuredmedia":[{"embeddable":true,"href":"https:\/\/vecinosdelinterior.com\/index.php\/wp-json\/wp\/v2\/media\/5906"}],"wp:attachment":[{"href":"https:\/\/vecinosdelinterior.com\/index.php\/wp-json\/wp\/v2\/media?parent=5905"}],"wp:term":[{"taxonomy":"category","embeddable":true,"href":"https:\/\/vecinosdelinterior.com\/index.php\/wp-json\/wp\/v2\/categories?post=5905"},{"taxonomy":"post_tag","embeddable":true,"href":"https:\/\/vecinosdelinterior.com\/index.php\/wp-json\/wp\/v2\/tags?post=5905"}],"curies":[{"name":"wp","href":"https:\/\/api.w.org\/{rel}","templated":true}]}}