{"id":5908,"date":"2025-12-10T09:17:00","date_gmt":"2025-12-10T12:17:00","guid":{"rendered":"https:\/\/vecinosdelinterior.com\/?p=5908"},"modified":"2025-12-10T11:18:40","modified_gmt":"2025-12-10T14:18:40","slug":"san-francisco-lanzara-su-peatonal-cultural-con-espectaculos-gastronomia-y-artistas-locales","status":"publish","type":"post","link":"https:\/\/vecinosdelinterior.com\/index.php\/2025\/12\/10\/san-francisco-lanzara-su-peatonal-cultural-con-espectaculos-gastronomia-y-artistas-locales\/","title":{"rendered":"San Francisco lanzar\u00e1 su Peatonal Cultural con espect\u00e1culos, gastronom\u00eda y artistas locales"},"content":{"rendered":"\n<p>VECINOSDELINTERIOR.COM \/ 10 DE DICIEMBRE<br>La propuesta comenzar\u00e1 el 26 de diciembre y se repetir\u00e1 todos los viernes hasta el 13 de febrero. Incluir\u00e1 m\u00fasica, danza, gastronom\u00eda, artesanos y participaci\u00f3n abierta del p\u00fablico. Tambi\u00e9n anunciaron el cierre anual del Centro Cultural, que ser\u00e1 este s\u00e1bado 13 con entrada libre y gratuita.<br>Este martes en una conferencia de prensa brindada en Casa de Gobierno, referentes del ministerio de Turismo y Cultura y del \u00e1rea cultural de San Francisco del Monte de Oro presentaron la Peatonal Cultural, la gran apuesta para la temporada de verano 2026 de la localidad cabecera del departamento Ayacucho. La iniciativa comenzar\u00e1 el 26 de diciembre y se desarrollar\u00e1 todos los viernes hasta el 13 de febrero, en la cuadra del Centro Cultural.<\/p>\n\n\n\n<figure class=\"wp-block-image size-large\"><img fetchpriority=\"high\" decoding=\"async\" width=\"1024\" height=\"681\" src=\"https:\/\/vecinosdelinterior.com\/wp-content\/uploads\/2025\/12\/WhatsApp-Image-2025-12-09-at-11.04.44-AM-1536x1022-1-1024x681.jpeg\" alt=\"\" class=\"wp-image-5909\" srcset=\"https:\/\/vecinosdelinterior.com\/wp-content\/uploads\/2025\/12\/WhatsApp-Image-2025-12-09-at-11.04.44-AM-1536x1022-1-1024x681.jpeg 1024w, https:\/\/vecinosdelinterior.com\/wp-content\/uploads\/2025\/12\/WhatsApp-Image-2025-12-09-at-11.04.44-AM-1536x1022-1-300x200.jpeg 300w, https:\/\/vecinosdelinterior.com\/wp-content\/uploads\/2025\/12\/WhatsApp-Image-2025-12-09-at-11.04.44-AM-1536x1022-1-768x511.jpeg 768w, https:\/\/vecinosdelinterior.com\/wp-content\/uploads\/2025\/12\/WhatsApp-Image-2025-12-09-at-11.04.44-AM-1536x1022-1-750x499.jpeg 750w, https:\/\/vecinosdelinterior.com\/wp-content\/uploads\/2025\/12\/WhatsApp-Image-2025-12-09-at-11.04.44-AM-1536x1022-1-1140x759.jpeg 1140w, https:\/\/vecinosdelinterior.com\/wp-content\/uploads\/2025\/12\/WhatsApp-Image-2025-12-09-at-11.04.44-AM-1536x1022-1.jpeg 1536w\" sizes=\"(max-width: 1024px) 100vw, 1024px\" \/><\/figure>\n\n\n\n<p><br>El subdirector del Centro Cultural San Francisco, Pablo Peme, explic\u00f3 que el objetivo es ofrecer un espacio vivo y abierto a los vecinos y turistas: \u201cHabr\u00e1 espect\u00e1culos, presentaci\u00f3n de artistas locales y estamos muy agradecidos por esta oportunidad de compartir la informaci\u00f3n con toda la comunidad\u201d, se\u00f1al\u00f3.<br>La Peatonal Cultural incluir\u00e1 m\u00fasica en vivo, danza, show de academias locales, participaci\u00f3n espont\u00e1nea del p\u00fablico e incluso karaoke para quienes se animen. Tambi\u00e9n contar\u00e1 con una fuerte presencia gastron\u00f3mica y artesanal. Peme destac\u00f3 el rol del Municipio en la organizaci\u00f3n porque \u201cles abre el juego a los comerciantes\u201d y al mismo tiempo indic\u00f3 que \u201chabr\u00e1 fast food, carritos tradicionales y artesanos que van a mostrar y comercializar sus trabajos\u201d.<br>La secretaria de Turismo y Educaci\u00f3n municipal, Carina P\u00e9rez, remarc\u00f3 que esta propuesta surgi\u00f3 a pedido de los vecinos y volver\u00e1 renovada: \u201cEs la oportunidad para que nuestros artistas locales puedan mostrarle al turista nuestra oferta cultural. En la primera edici\u00f3n llegamos a tener hasta 15 artistas en una misma noche\u201d, afirm\u00f3.<br>Adem\u00e1s, destac\u00f3 que ser\u00e1 totalmente gratuito y aclar\u00f3 que la gente puede ir con mate y reposeras. \u201cLa idea es que disfruten del espect\u00e1culo sin ning\u00fan costo\u201d, se\u00f1al\u00f3.<br>En otro tramo de la conferencia, P\u00e9rez adelant\u00f3 una agenda cargada para el verano, con cinco funciones de teatro nacional en la sala del Centro Cultural; Fiesta de la Cerveza con tres ediciones: 20 de diciembre, en enero y febrero; el Festival del Artesano el 2 y 3 de enero con artistas provinciales; carnavales, Fiesta del Gaucho (30 y 31 de enero) y el Rally Master en febrero, adem\u00e1s de actividades tur\u00edsticas y recreativas durante todo el verano.<br>Tambi\u00e9n aprovech\u00f3 la oportunidad para asegurar que la localidad est\u00e1 preparada para recibir visitantes porque \u201ccuenta con 1.200 plazas para los turistas\u201d.<br>Cierre anual del Centro Cultural<br>Este s\u00e1bado 13 de diciembre se realizar\u00e1 el cierre de actividades del Centro Cultural, con entrada libre y gratuita desde las 19:00. Peme detall\u00f3 que \u201ccada tallerista har\u00e1 una muestra de sus trabajos, habr\u00e1 academias de danza, m\u00fasicos y m\u00e1s\u201d. La actividad tendr\u00e1 una previa a las 17:00, dedicada a los talleres de juegos de mesa: ajedrez y otros juegos que trabajan durante el a\u00f1o.<br>Finalmente, la funcionaria municipal celebr\u00f3 el trabajo conjunto con el Centro Cultural y la Provincia: \u201cHa sido muy fruct\u00edfero para la parte cultural poder trabajar juntos. Queremos que la gente disfrute del Centro Cultural, que tiene una sala \u00fanica en el departamento, y acercar propuestas de calidad para vecinos y turistas\u201d.<\/p>\n","protected":false},"excerpt":{"rendered":"<p>VECINOSDELINTERIOR.COM \/ 10 DE DICIEMBRELa propuesta comenzar\u00e1 el 26 de diciembre y se repetir\u00e1 todos los viernes hasta el 13 de febrero. Incluir\u00e1 m\u00fasica, danza, gastronom\u00eda, artesanos y participaci\u00f3n abierta del p\u00fablico. Tambi\u00e9n anunciaron el cierre anual del Centro Cultural, que ser\u00e1 este s\u00e1bado 13 con entrada libre y gratuita.Este martes en una conferencia de [&hellip;]<\/p>\n","protected":false},"author":1,"featured_media":5909,"comment_status":"open","ping_status":"open","sticky":false,"template":"","format":"standard","meta":{"footnotes":""},"categories":[8,9],"tags":[],"class_list":["post-5908","post","type-post","status-publish","format-standard","has-post-thumbnail","hentry","category-ayacucho","category-san-francisco"],"_links":{"self":[{"href":"https:\/\/vecinosdelinterior.com\/index.php\/wp-json\/wp\/v2\/posts\/5908","targetHints":{"allow":["GET"]}}],"collection":[{"href":"https:\/\/vecinosdelinterior.com\/index.php\/wp-json\/wp\/v2\/posts"}],"about":[{"href":"https:\/\/vecinosdelinterior.com\/index.php\/wp-json\/wp\/v2\/types\/post"}],"author":[{"embeddable":true,"href":"https:\/\/vecinosdelinterior.com\/index.php\/wp-json\/wp\/v2\/users\/1"}],"replies":[{"embeddable":true,"href":"https:\/\/vecinosdelinterior.com\/index.php\/wp-json\/wp\/v2\/comments?post=5908"}],"version-history":[{"count":1,"href":"https:\/\/vecinosdelinterior.com\/index.php\/wp-json\/wp\/v2\/posts\/5908\/revisions"}],"predecessor-version":[{"id":5910,"href":"https:\/\/vecinosdelinterior.com\/index.php\/wp-json\/wp\/v2\/posts\/5908\/revisions\/5910"}],"wp:featuredmedia":[{"embeddable":true,"href":"https:\/\/vecinosdelinterior.com\/index.php\/wp-json\/wp\/v2\/media\/5909"}],"wp:attachment":[{"href":"https:\/\/vecinosdelinterior.com\/index.php\/wp-json\/wp\/v2\/media?parent=5908"}],"wp:term":[{"taxonomy":"category","embeddable":true,"href":"https:\/\/vecinosdelinterior.com\/index.php\/wp-json\/wp\/v2\/categories?post=5908"},{"taxonomy":"post_tag","embeddable":true,"href":"https:\/\/vecinosdelinterior.com\/index.php\/wp-json\/wp\/v2\/tags?post=5908"}],"curies":[{"name":"wp","href":"https:\/\/api.w.org\/{rel}","templated":true}]}}