{"id":5917,"date":"2025-12-08T11:21:00","date_gmt":"2025-12-08T14:21:00","guid":{"rendered":"https:\/\/vecinosdelinterior.com\/?p=5917"},"modified":"2025-12-10T11:22:15","modified_gmt":"2025-12-10T14:22:15","slug":"vuelco-en-la-autopista-serranias-puntanas-en-cercanias-a-balde","status":"publish","type":"post","link":"https:\/\/vecinosdelinterior.com\/index.php\/2025\/12\/08\/vuelco-en-la-autopista-serranias-puntanas-en-cercanias-a-balde\/","title":{"rendered":"Vuelco en la Autopista Serran\u00edas Puntanas en cercanias a Balde"},"content":{"rendered":"\n<p>VECINOSDELINTERIOR.COM \/ 08 DE DICIEMBRE<br>La Direcci\u00f3n General de Bomberos DG-11 inform\u00f3 que, en la tarde de este domingo 7, personal de la Divisi\u00f3n Cuartel V Terrazas de Portezuelo intervino ante un accidente vehicular registrado en la Autopista Serran\u00edas Puntanas, en cercan\u00edas de la localidad de Balde.<br>Al arribar al lugar, los efectivos constataron que un Chevrolet Onix blanco hab\u00eda volcado y presentaba p\u00e9rdida activa de gas. El equipo trabaj\u00f3 en la apertura de una de las puertas traseras para acceder al interior del veh\u00edculo, aflojar los asientos y cerrar el tubo de gas. Luego continuaron con tareas preventivas mediante el corte del suministro el\u00e9ctrico y la desconexi\u00f3n de la bater\u00eda.<br>Una mujer de 27 a\u00f1os, domiciliada en la ciudad de San Luis, fue asistida en el sitio y posteriormente trasladada al Hospital Central Ram\u00f3n Carrillo por una ambulancia que arrib\u00f3 con personal sanitario.<br>El procedimiento cont\u00f3 adem\u00e1s con el apoyo de m\u00f3viles policiales de la Comisar\u00eda Distrito 48.\u00aa y de la Direcci\u00f3n General de Polic\u00eda Caminera, quienes aseguraron el per\u00edmetro y ordenaron el tr\u00e1nsito durante el operativo.<\/p>\n\n\n\n<figure class=\"wp-block-image size-large\"><img fetchpriority=\"high\" decoding=\"async\" width=\"1024\" height=\"460\" src=\"https:\/\/vecinosdelinterior.com\/wp-content\/uploads\/2025\/12\/595099761_720214221129267_3986084184022161911_n-1024x460.jpg\" alt=\"\" class=\"wp-image-5918\" srcset=\"https:\/\/vecinosdelinterior.com\/wp-content\/uploads\/2025\/12\/595099761_720214221129267_3986084184022161911_n-1024x460.jpg 1024w, https:\/\/vecinosdelinterior.com\/wp-content\/uploads\/2025\/12\/595099761_720214221129267_3986084184022161911_n-300x135.jpg 300w, https:\/\/vecinosdelinterior.com\/wp-content\/uploads\/2025\/12\/595099761_720214221129267_3986084184022161911_n-768x345.jpg 768w, https:\/\/vecinosdelinterior.com\/wp-content\/uploads\/2025\/12\/595099761_720214221129267_3986084184022161911_n-1536x690.jpg 1536w, https:\/\/vecinosdelinterior.com\/wp-content\/uploads\/2025\/12\/595099761_720214221129267_3986084184022161911_n-750x337.jpg 750w, https:\/\/vecinosdelinterior.com\/wp-content\/uploads\/2025\/12\/595099761_720214221129267_3986084184022161911_n-1140x512.jpg 1140w, https:\/\/vecinosdelinterior.com\/wp-content\/uploads\/2025\/12\/595099761_720214221129267_3986084184022161911_n.jpg 1600w\" sizes=\"(max-width: 1024px) 100vw, 1024px\" \/><\/figure>\n","protected":false},"excerpt":{"rendered":"<p>VECINOSDELINTERIOR.COM \/ 08 DE DICIEMBRELa Direcci\u00f3n General de Bomberos DG-11 inform\u00f3 que, en la tarde de este domingo 7, personal de la Divisi\u00f3n Cuartel V Terrazas de Portezuelo intervino ante un accidente vehicular registrado en la Autopista Serran\u00edas Puntanas, en cercan\u00edas de la localidad de Balde.Al arribar al lugar, los efectivos constataron que un Chevrolet [&hellip;]<\/p>\n","protected":false},"author":1,"featured_media":5918,"comment_status":"open","ping_status":"open","sticky":false,"template":"","format":"standard","meta":{"footnotes":""},"categories":[382,12],"tags":[],"class_list":["post-5917","post","type-post","status-publish","format-standard","has-post-thumbnail","hentry","category-balde","category-pueyrredon"],"_links":{"self":[{"href":"https:\/\/vecinosdelinterior.com\/index.php\/wp-json\/wp\/v2\/posts\/5917","targetHints":{"allow":["GET"]}}],"collection":[{"href":"https:\/\/vecinosdelinterior.com\/index.php\/wp-json\/wp\/v2\/posts"}],"about":[{"href":"https:\/\/vecinosdelinterior.com\/index.php\/wp-json\/wp\/v2\/types\/post"}],"author":[{"embeddable":true,"href":"https:\/\/vecinosdelinterior.com\/index.php\/wp-json\/wp\/v2\/users\/1"}],"replies":[{"embeddable":true,"href":"https:\/\/vecinosdelinterior.com\/index.php\/wp-json\/wp\/v2\/comments?post=5917"}],"version-history":[{"count":1,"href":"https:\/\/vecinosdelinterior.com\/index.php\/wp-json\/wp\/v2\/posts\/5917\/revisions"}],"predecessor-version":[{"id":5919,"href":"https:\/\/vecinosdelinterior.com\/index.php\/wp-json\/wp\/v2\/posts\/5917\/revisions\/5919"}],"wp:featuredmedia":[{"embeddable":true,"href":"https:\/\/vecinosdelinterior.com\/index.php\/wp-json\/wp\/v2\/media\/5918"}],"wp:attachment":[{"href":"https:\/\/vecinosdelinterior.com\/index.php\/wp-json\/wp\/v2\/media?parent=5917"}],"wp:term":[{"taxonomy":"category","embeddable":true,"href":"https:\/\/vecinosdelinterior.com\/index.php\/wp-json\/wp\/v2\/categories?post=5917"},{"taxonomy":"post_tag","embeddable":true,"href":"https:\/\/vecinosdelinterior.com\/index.php\/wp-json\/wp\/v2\/tags?post=5917"}],"curies":[{"name":"wp","href":"https:\/\/api.w.org\/{rel}","templated":true}]}}