{"id":5921,"date":"2025-12-13T12:46:11","date_gmt":"2025-12-13T15:46:11","guid":{"rendered":"https:\/\/vecinosdelinterior.com\/?p=5921"},"modified":"2025-12-14T12:47:24","modified_gmt":"2025-12-14T15:47:24","slug":"accidente-en-el-camino-del-dique-san-felipe-fallecio-una-menor-y-otra-resulto-herida-al-caer-de-una-moto","status":"publish","type":"post","link":"https:\/\/vecinosdelinterior.com\/index.php\/2025\/12\/13\/accidente-en-el-camino-del-dique-san-felipe-fallecio-una-menor-y-otra-resulto-herida-al-caer-de-una-moto\/","title":{"rendered":"Accidente en el camino del dique San Felipe. Falleci\u00f3 una menor y otra result\u00f3 herida al caer de una moto."},"content":{"rendered":"\n<p>VECINOSDELINTERIOR.COM \/ 13 DE DICIEMBRE<br>Este viernes 12 de diciembre, efectivos de la Comisar\u00eda Distrito 24\u00b0 de Naschel tomaron conocimiento de un accidente de tr\u00e1nsito sobre la ruta provincial 25, en cercan\u00edas del dique San Felipe.<br>Al arribar al lugar, los polic\u00edas fueron alertados por un joven de 20 a\u00f1os que realizaba se\u00f1as sobre la ruta, quien se encontraba asistiendo a una adolescente de 15 a\u00f1os que estaba tendida en el suelo, en estado de inconsciencia.<br>En las inmediaciones, entre la vegetaci\u00f3n, se encontr\u00f3 a otra adolescente, de 16 a\u00f1os de edad, aparentemente sin vida.<br>De acuerdo a las averiguaciones, ambas circulaban en una motocicleta Keller en sentido de sur a norte y, por causas que se tratan de establecer, perdieron el control del rodado en una curva, despistando hacia la banquina.<br>Minutos despu\u00e9s se hizo presente una ambulancia del hospital de Tilisarao, cuyo personal de salud constat\u00f3 el fallecimiento de la adolescente de 16 a\u00f1os de edad (con domicilio en Tilisarao), mientras que la chica de 15 a\u00f1os de edad fue trasladada en ambulancia de urgencia hacia el Hospital \u201cMadre Catalina Rodr\u00edguez\u201d de Villa de Merlo, donde permanece internada.<br>En el lugar tambi\u00e9n trabajaron efectivos policiales de la Comisar\u00eda de Tilisarao, del Comando Radioel\u00e9ctrico y de Criminal\u00edstica, integrantes de Bomberos Voluntarios de Naschel y Tilisarao y m\u00e9dico forense.<\/p>\n","protected":false},"excerpt":{"rendered":"<p>VECINOSDELINTERIOR.COM \/ 13 DE DICIEMBREEste viernes 12 de diciembre, efectivos de la Comisar\u00eda Distrito 24\u00b0 de Naschel tomaron conocimiento de un accidente de tr\u00e1nsito sobre la ruta provincial 25, en cercan\u00edas del dique San Felipe.Al arribar al lugar, los polic\u00edas fueron alertados por un joven de 20 a\u00f1os que realizaba se\u00f1as sobre la ruta, quien [&hellip;]<\/p>\n","protected":false},"author":1,"featured_media":5922,"comment_status":"open","ping_status":"open","sticky":false,"template":"","format":"standard","meta":{"footnotes":""},"categories":[29,30],"tags":[213],"class_list":["post-5921","post","type-post","status-publish","format-standard","has-post-thumbnail","hentry","category-chacabuco","category-tilisarao","tag-policial"],"_links":{"self":[{"href":"https:\/\/vecinosdelinterior.com\/index.php\/wp-json\/wp\/v2\/posts\/5921","targetHints":{"allow":["GET"]}}],"collection":[{"href":"https:\/\/vecinosdelinterior.com\/index.php\/wp-json\/wp\/v2\/posts"}],"about":[{"href":"https:\/\/vecinosdelinterior.com\/index.php\/wp-json\/wp\/v2\/types\/post"}],"author":[{"embeddable":true,"href":"https:\/\/vecinosdelinterior.com\/index.php\/wp-json\/wp\/v2\/users\/1"}],"replies":[{"embeddable":true,"href":"https:\/\/vecinosdelinterior.com\/index.php\/wp-json\/wp\/v2\/comments?post=5921"}],"version-history":[{"count":1,"href":"https:\/\/vecinosdelinterior.com\/index.php\/wp-json\/wp\/v2\/posts\/5921\/revisions"}],"predecessor-version":[{"id":5923,"href":"https:\/\/vecinosdelinterior.com\/index.php\/wp-json\/wp\/v2\/posts\/5921\/revisions\/5923"}],"wp:featuredmedia":[{"embeddable":true,"href":"https:\/\/vecinosdelinterior.com\/index.php\/wp-json\/wp\/v2\/media\/5922"}],"wp:attachment":[{"href":"https:\/\/vecinosdelinterior.com\/index.php\/wp-json\/wp\/v2\/media?parent=5921"}],"wp:term":[{"taxonomy":"category","embeddable":true,"href":"https:\/\/vecinosdelinterior.com\/index.php\/wp-json\/wp\/v2\/categories?post=5921"},{"taxonomy":"post_tag","embeddable":true,"href":"https:\/\/vecinosdelinterior.com\/index.php\/wp-json\/wp\/v2\/tags?post=5921"}],"curies":[{"name":"wp","href":"https:\/\/api.w.org\/{rel}","templated":true}]}}