{"id":5931,"date":"2025-12-11T12:50:37","date_gmt":"2025-12-11T15:50:37","guid":{"rendered":"https:\/\/vecinosdelinterior.com\/?p=5931"},"modified":"2025-12-14T12:51:33","modified_gmt":"2025-12-14T15:51:33","slug":"union-la-policia-demoro-a-un-sujeto-por-el-incendio-en-el-cuartel-de-bomberos-voluntarios-de-la-localidad","status":"publish","type":"post","link":"https:\/\/vecinosdelinterior.com\/index.php\/2025\/12\/11\/union-la-policia-demoro-a-un-sujeto-por-el-incendio-en-el-cuartel-de-bomberos-voluntarios-de-la-localidad\/","title":{"rendered":"Uni\u00f3n: la Polic\u00eda demor\u00f3 a un sujeto por el incendio en el cuartel de Bomberos Voluntarios de la localidad"},"content":{"rendered":"\n<p>VECINOSDELINTERIOR.COM \/ 10 DE DICIEMBRE<br>Durante la madrugada del lunes 8 de diciembre, efectivos de la Comisar\u00eda Distrito 21\u00b0 de Uni\u00f3n tomaron conocimiento de un incendio iniciado en el sector de guardarropas del Cuartel de Bomberos Voluntarios de esa localidad.<br>Las llamas provocaron da\u00f1os en indumentaria forestal y en parte de la estructura superior del edificio.<br>De manera simult\u00e1nea, se constat\u00f3 el faltante de la camioneta interna del cuartel, marca Toyota Hilux 4&#215;4, la cual fue encontrada horas m\u00e1s tarde, en buen estado, en el ingreso a la localidad de Fortuna.<br>Tras las primeras averiguaciones, el fiscal interviniente, Dr. Marcelo Palacio, orden\u00f3 actuaciones por \u201cAveriguaci\u00f3n incendio y hurto\u201d.<br>En ese marco, este martes 9 de diciembre se present\u00f3 de manera espont\u00e1nea en la dependencia policial un individuo, quien manifest\u00f3 su intenci\u00f3n de aportar informaci\u00f3n sobre el hecho.<br>Conforme disposici\u00f3n judicial, se orden\u00f3 su demora preventiva, quedando alojado en la Comisar\u00eda Distrito 19\u00b0 de Buena Esperanza, a disposici\u00f3n de la Justicia provincial.<br>La investigaci\u00f3n contin\u00faa bajo directivas de la Unidad de Abordaje Fiscal de la Segunda Circunscripci\u00f3n Judicial, con el objetivo de determinar responsabilidades y continuar con las medidas procesales pertinentes.<\/p>\n\n\n\n<p><\/p>\n","protected":false},"excerpt":{"rendered":"<p>VECINOSDELINTERIOR.COM \/ 10 DE DICIEMBREDurante la madrugada del lunes 8 de diciembre, efectivos de la Comisar\u00eda Distrito 21\u00b0 de Uni\u00f3n tomaron conocimiento de un incendio iniciado en el sector de guardarropas del Cuartel de Bomberos Voluntarios de esa localidad.Las llamas provocaron da\u00f1os en indumentaria forestal y en parte de la estructura superior del edificio.De manera [&hellip;]<\/p>\n","protected":false},"author":1,"featured_media":5932,"comment_status":"open","ping_status":"open","sticky":false,"template":"","format":"standard","meta":{"footnotes":""},"categories":[16,376],"tags":[213],"class_list":["post-5931","post","type-post","status-publish","format-standard","has-post-thumbnail","hentry","category-dupuy","category-union","tag-policial"],"_links":{"self":[{"href":"https:\/\/vecinosdelinterior.com\/index.php\/wp-json\/wp\/v2\/posts\/5931","targetHints":{"allow":["GET"]}}],"collection":[{"href":"https:\/\/vecinosdelinterior.com\/index.php\/wp-json\/wp\/v2\/posts"}],"about":[{"href":"https:\/\/vecinosdelinterior.com\/index.php\/wp-json\/wp\/v2\/types\/post"}],"author":[{"embeddable":true,"href":"https:\/\/vecinosdelinterior.com\/index.php\/wp-json\/wp\/v2\/users\/1"}],"replies":[{"embeddable":true,"href":"https:\/\/vecinosdelinterior.com\/index.php\/wp-json\/wp\/v2\/comments?post=5931"}],"version-history":[{"count":1,"href":"https:\/\/vecinosdelinterior.com\/index.php\/wp-json\/wp\/v2\/posts\/5931\/revisions"}],"predecessor-version":[{"id":5933,"href":"https:\/\/vecinosdelinterior.com\/index.php\/wp-json\/wp\/v2\/posts\/5931\/revisions\/5933"}],"wp:featuredmedia":[{"embeddable":true,"href":"https:\/\/vecinosdelinterior.com\/index.php\/wp-json\/wp\/v2\/media\/5932"}],"wp:attachment":[{"href":"https:\/\/vecinosdelinterior.com\/index.php\/wp-json\/wp\/v2\/media?parent=5931"}],"wp:term":[{"taxonomy":"category","embeddable":true,"href":"https:\/\/vecinosdelinterior.com\/index.php\/wp-json\/wp\/v2\/categories?post=5931"},{"taxonomy":"post_tag","embeddable":true,"href":"https:\/\/vecinosdelinterior.com\/index.php\/wp-json\/wp\/v2\/tags?post=5931"}],"curies":[{"name":"wp","href":"https:\/\/api.w.org\/{rel}","templated":true}]}}