{"id":594,"date":"2023-09-02T10:55:57","date_gmt":"2023-09-02T13:55:57","guid":{"rendered":"https:\/\/vecinosdelinterior.com\/?p=594"},"modified":"2023-09-02T10:55:57","modified_gmt":"2023-09-02T13:55:57","slug":"se-presento-la-guia-de-orientacion-y-acompanamiento-para-el-bienestar-en-san-francisco-y-la-toma","status":"publish","type":"post","link":"https:\/\/vecinosdelinterior.com\/index.php\/2023\/09\/02\/se-presento-la-guia-de-orientacion-y-acompanamiento-para-el-bienestar-en-san-francisco-y-la-toma\/","title":{"rendered":"Se present\u00f3 la \u201cGu\u00eda de Orientaci\u00f3n y Acompa\u00f1amiento para el Bienestar\u201d en San Francisco y La Toma"},"content":{"rendered":"\n<p>El Ministerio de Educaci\u00f3n realiz\u00f3 dos nuevos encuentros con m\u00e1s de 200 directivos, docentes y estudiantes presentes de las regiones educativas IV, V y VI.<\/p>\n\n\n\n<p>Contin\u00faan las capacitaciones por parte del Ministerio de Educaci\u00f3n para hacer llegar la \u201cGu\u00eda de Orientaci\u00f3n y Acompa\u00f1amiento para el Bienestar\u201d a todas las escuelas de provincia. Luego de los encuentros en La Punta y Justo Daract, esta vez fue el turno de San Francisco y La Toma.<\/p>\n\n\n\n<p>Con m\u00e1s de 200 directivos, docentes y no docentes que se est\u00e1n formando como mediadores escolares, y estudiantes referentes de las regiones educativas IV, V y VI se celebraron estos dos nuevos encuentros.<\/p>\n\n\n\n<figure class=\"wp-block-gallery has-nested-images columns-default is-cropped wp-block-gallery-1 is-layout-flex wp-block-gallery-is-layout-flex\">\n<figure class=\"wp-block-image size-large\"><img fetchpriority=\"high\" decoding=\"async\" width=\"740\" height=\"500\" data-id=\"595\" src=\"https:\/\/vecinosdelinterior.com\/wp-content\/uploads\/2023\/09\/DSC_2598.jpg\" alt=\"\" class=\"wp-image-595\" srcset=\"https:\/\/vecinosdelinterior.com\/wp-content\/uploads\/2023\/09\/DSC_2598.jpg 740w, https:\/\/vecinosdelinterior.com\/wp-content\/uploads\/2023\/09\/DSC_2598-300x203.jpg 300w\" sizes=\"(max-width: 740px) 100vw, 740px\" \/><\/figure>\n\n\n\n<figure class=\"wp-block-image size-large\"><img decoding=\"async\" width=\"740\" height=\"500\" data-id=\"596\" src=\"https:\/\/vecinosdelinterior.com\/wp-content\/uploads\/2023\/09\/DSC_2854.jpg\" alt=\"\" class=\"wp-image-596\" srcset=\"https:\/\/vecinosdelinterior.com\/wp-content\/uploads\/2023\/09\/DSC_2854.jpg 740w, https:\/\/vecinosdelinterior.com\/wp-content\/uploads\/2023\/09\/DSC_2854-300x203.jpg 300w\" sizes=\"(max-width: 740px) 100vw, 740px\" \/><\/figure>\n<\/figure>\n\n\n\n<p>Jos\u00e9 David Amaya, director de la Escuela N\u00ba 219 \u201cAndrea del Carmen Fern\u00e1ndez de Godoy V\u00e9lez\u201d de El Talita, afirm\u00f3: \u201cLa capacitaci\u00f3n es muy linda e importante. Nos da las herramientas para poder trabajar en las escuelas, mientras nuestra sociedad est\u00e1 cambiando permanentemente. Esto nos sirve much\u00edsimo para que nuestro accionar dentro de la escuela sea mejor, m\u00e1s eficiente. Voy a transmitirle a los docentes, para que ellos, junto conmigo, sigamos generando los mejores recursos para nuestros alumnos\u201d.<\/p>\n\n\n\n<p>Por su parte, Javier Ribba, quien es docente de la Escuela N\u00ba 417 \u201cGranadero Florencio Navarro\u201d de Tilisarao, y actualmente realiza el post\u00edtulo para Mediadores Escolares, manifest\u00f3: \u201cEste tipo de jornadas, sumado al post\u00edtulo, es muy importante para desarrollar m\u00e1s cabalmente el aspecto humano dentro de la instituci\u00f3n, que es algo que se est\u00e1 empezando a tener mucho m\u00e1s en cuenta ahora. Los docentes tenemos que aprestarnos a estas nuevas pr\u00e1cticas, que son un nuevo desaf\u00edo\u201d.<\/p>\n\n\n\n<p>Finalmente, Miranda Torres, presidenta del centro de estudiantes del Centro Educativo N\u00ba 26 \u201cMar\u00eda Palmira Cabral de Becerra\u201d, expres\u00f3: \u201cCasi todas las escuelas tienen centro de estudiantes y eso facilita mucho la comunicaci\u00f3n y poder generar un ambiente educativo positivo. Estas reuniones favorecen poder resolver r\u00e1pido las distintas cuestiones que se pueden llegar a presentar en las escuelas\u201d.<\/p>\n","protected":false},"excerpt":{"rendered":"<p>El Ministerio de Educaci\u00f3n realiz\u00f3 dos nuevos encuentros con m\u00e1s de 200 directivos, docentes y estudiantes presentes de las regiones educativas IV, V y VI. Contin\u00faan las capacitaciones por parte del Ministerio de Educaci\u00f3n para hacer llegar la \u201cGu\u00eda de Orientaci\u00f3n y Acompa\u00f1amiento para el Bienestar\u201d a todas las escuelas de provincia. Luego de los [&hellip;]<\/p>\n","protected":false},"author":1,"featured_media":596,"comment_status":"open","ping_status":"open","sticky":false,"template":"","format":"standard","meta":{"footnotes":""},"categories":[8,3,2,9],"tags":[6,11],"class_list":["post-594","post","type-post","status-publish","format-standard","has-post-thumbnail","hentry","category-ayacucho","category-la-toma","category-pringles","category-san-francisco","tag-la-toma","tag-san-francisco"],"_links":{"self":[{"href":"https:\/\/vecinosdelinterior.com\/index.php\/wp-json\/wp\/v2\/posts\/594","targetHints":{"allow":["GET"]}}],"collection":[{"href":"https:\/\/vecinosdelinterior.com\/index.php\/wp-json\/wp\/v2\/posts"}],"about":[{"href":"https:\/\/vecinosdelinterior.com\/index.php\/wp-json\/wp\/v2\/types\/post"}],"author":[{"embeddable":true,"href":"https:\/\/vecinosdelinterior.com\/index.php\/wp-json\/wp\/v2\/users\/1"}],"replies":[{"embeddable":true,"href":"https:\/\/vecinosdelinterior.com\/index.php\/wp-json\/wp\/v2\/comments?post=594"}],"version-history":[{"count":1,"href":"https:\/\/vecinosdelinterior.com\/index.php\/wp-json\/wp\/v2\/posts\/594\/revisions"}],"predecessor-version":[{"id":597,"href":"https:\/\/vecinosdelinterior.com\/index.php\/wp-json\/wp\/v2\/posts\/594\/revisions\/597"}],"wp:featuredmedia":[{"embeddable":true,"href":"https:\/\/vecinosdelinterior.com\/index.php\/wp-json\/wp\/v2\/media\/596"}],"wp:attachment":[{"href":"https:\/\/vecinosdelinterior.com\/index.php\/wp-json\/wp\/v2\/media?parent=594"}],"wp:term":[{"taxonomy":"category","embeddable":true,"href":"https:\/\/vecinosdelinterior.com\/index.php\/wp-json\/wp\/v2\/categories?post=594"},{"taxonomy":"post_tag","embeddable":true,"href":"https:\/\/vecinosdelinterior.com\/index.php\/wp-json\/wp\/v2\/tags?post=594"}],"curies":[{"name":"wp","href":"https:\/\/api.w.org\/{rel}","templated":true}]}}