{"id":5941,"date":"2025-12-16T21:01:46","date_gmt":"2025-12-17T00:01:46","guid":{"rendered":"https:\/\/vecinosdelinterior.com\/?p=5941"},"modified":"2025-12-16T21:02:12","modified_gmt":"2025-12-17T00:02:12","slug":"5941","status":"publish","type":"post","link":"https:\/\/vecinosdelinterior.com\/index.php\/2025\/12\/16\/5941\/","title":{"rendered":"Cortaderas se prepara para dar la bienvenida a la temporada de verano 2025\/2026"},"content":{"rendered":"\n<p>VECINOSDELINTERIOR.COM \/ 16 DE DICIEMBRE<\/p>\n\n\n\n<p>La cita es este s\u00e1bado, desde las 10:00, con entrada libre y gratuita. Adem\u00e1s de un d\u00eda para compartir en familia, el objetivo es promocionar los atractivos naturales de la localidad.<\/p>\n\n\n\n<p>La localidad de Cortaderas se prepara para dar la bienvenida a la temporada de verano 2025\/2026 con la apertura oficial del Camping Municipal, uno de los espacios recreativos m\u00e1s emblem\u00e1ticos y elegidos tanto por vecinos como por turistas. El evento tendr\u00e1 lugar este s\u00e1bado 20 de diciembre, desde las 10:00, con entrada libre y gratuita, en una jornada pensada para compartir en familia o con amigos.<\/p>\n\n\n\n<p>El evento permitir\u00e1 recorrer las instalaciones del camping y aprovechar la pileta renovada, especialmente acondicionada para vivir un verano a pleno en un entorno natural que se destaca por su tranquilidad, sus paisajes serranos y su clima ideal para el descanso.<\/p>\n\n\n\n<p>Los alrededores del pueblo invitan a realizar caminatas, senderismo, paseos en bicicleta, cabalgatas y avistaje de flora y fauna, adem\u00e1s de disfrutar de r\u00edos, arroyos y espacios verdes que ofrecen alternativas para refrescarse y relajarse.<\/p>\n\n\n\n<figure class=\"wp-block-image size-large\"><img fetchpriority=\"high\" decoding=\"async\" width=\"819\" height=\"1024\" src=\"https:\/\/vecinosdelinterior.com\/wp-content\/uploads\/2025\/12\/600576668_726078200542869_8127879311836349197_n-819x1024.jpg\" alt=\"\" class=\"wp-image-5942\" srcset=\"https:\/\/vecinosdelinterior.com\/wp-content\/uploads\/2025\/12\/600576668_726078200542869_8127879311836349197_n-819x1024.jpg 819w, https:\/\/vecinosdelinterior.com\/wp-content\/uploads\/2025\/12\/600576668_726078200542869_8127879311836349197_n-240x300.jpg 240w, https:\/\/vecinosdelinterior.com\/wp-content\/uploads\/2025\/12\/600576668_726078200542869_8127879311836349197_n-768x960.jpg 768w, https:\/\/vecinosdelinterior.com\/wp-content\/uploads\/2025\/12\/600576668_726078200542869_8127879311836349197_n-750x938.jpg 750w, https:\/\/vecinosdelinterior.com\/wp-content\/uploads\/2025\/12\/600576668_726078200542869_8127879311836349197_n.jpg 1080w\" sizes=\"(max-width: 819px) 100vw, 819px\" \/><\/figure>\n\n\n\n<p>Los lugares imperdibles<\/p>\n\n\n\n<p>Reserva natural \u2018Quebrada de Villa Elena\u2019: antiguamente llamada \u2018Quebrada del Molino\u2019, es un abrupto y profundo paso en la Sierra de los Comechingones. Presenta una exuberante vegetaci\u00f3n aut\u00f3ctona compuesta por especies como talas, molles, cocos y cha\u00f1ares.<br>Dique Piscu Yaco: un magn\u00edfico espejo de agua emplazado en las Sierras de los Comechingones. Su nombre significa \u2018Aguada de los P\u00e1jaros\u2019, y evoca la obra del poeta sanluise\u00f1o Antonio Esteban Ag\u00fcero. El atractivo cuenta con un fuerte contenido hist\u00f3rico vinculado a los pueblos nativos y se ha convertido en uno de los principales destinos tur\u00edsticos de la regi\u00f3n.<br>Salto Grande o Chorro Grande: una cascada de aproximadamente 70 metros de altura a la que se accede mediante un intenso trekking por la Quebrada de Villa Elena.<br>Cascada Esmeralda: un hermoso salto ubicado a 1.300 metros sobre el nivel del mar, de aproximadamente nueve metros de altura con una hoya de cuatro metros de profundidad.<br>Capilla de Villa Elena: representa un \u00edcono del poblado. Su ubicaci\u00f3n es particular, ya que se encuentra montada sobre una loma serrana y desde all\u00ed se obtiene una excelente vista panor\u00e1mica del Valle del Conlara.<\/p>\n","protected":false},"excerpt":{"rendered":"<p>VECINOSDELINTERIOR.COM \/ 16 DE DICIEMBRE La cita es este s\u00e1bado, desde las 10:00, con entrada libre y gratuita. Adem\u00e1s de un d\u00eda para compartir en familia, el objetivo es promocionar los atractivos naturales de la localidad. La localidad de Cortaderas se prepara para dar la bienvenida a la temporada de verano 2025\/2026 con la apertura [&hellip;]<\/p>\n","protected":false},"author":1,"featured_media":5942,"comment_status":"open","ping_status":"open","sticky":false,"template":"","format":"standard","meta":{"footnotes":""},"categories":[29,275],"tags":[391],"class_list":["post-5941","post","type-post","status-publish","format-standard","has-post-thumbnail","hentry","category-chacabuco","category-cortaderas","tag-eventos"],"_links":{"self":[{"href":"https:\/\/vecinosdelinterior.com\/index.php\/wp-json\/wp\/v2\/posts\/5941","targetHints":{"allow":["GET"]}}],"collection":[{"href":"https:\/\/vecinosdelinterior.com\/index.php\/wp-json\/wp\/v2\/posts"}],"about":[{"href":"https:\/\/vecinosdelinterior.com\/index.php\/wp-json\/wp\/v2\/types\/post"}],"author":[{"embeddable":true,"href":"https:\/\/vecinosdelinterior.com\/index.php\/wp-json\/wp\/v2\/users\/1"}],"replies":[{"embeddable":true,"href":"https:\/\/vecinosdelinterior.com\/index.php\/wp-json\/wp\/v2\/comments?post=5941"}],"version-history":[{"count":2,"href":"https:\/\/vecinosdelinterior.com\/index.php\/wp-json\/wp\/v2\/posts\/5941\/revisions"}],"predecessor-version":[{"id":5944,"href":"https:\/\/vecinosdelinterior.com\/index.php\/wp-json\/wp\/v2\/posts\/5941\/revisions\/5944"}],"wp:featuredmedia":[{"embeddable":true,"href":"https:\/\/vecinosdelinterior.com\/index.php\/wp-json\/wp\/v2\/media\/5942"}],"wp:attachment":[{"href":"https:\/\/vecinosdelinterior.com\/index.php\/wp-json\/wp\/v2\/media?parent=5941"}],"wp:term":[{"taxonomy":"category","embeddable":true,"href":"https:\/\/vecinosdelinterior.com\/index.php\/wp-json\/wp\/v2\/categories?post=5941"},{"taxonomy":"post_tag","embeddable":true,"href":"https:\/\/vecinosdelinterior.com\/index.php\/wp-json\/wp\/v2\/tags?post=5941"}],"curies":[{"name":"wp","href":"https:\/\/api.w.org\/{rel}","templated":true}]}}