{"id":5945,"date":"2025-12-16T09:02:00","date_gmt":"2025-12-16T12:02:00","guid":{"rendered":"https:\/\/vecinosdelinterior.com\/?p=5945"},"modified":"2025-12-16T21:03:32","modified_gmt":"2025-12-17T00:03:32","slug":"san-francisco-del-monte-de-oro-vivira-el-festival-de-la-cerveza-sanfranfest","status":"publish","type":"post","link":"https:\/\/vecinosdelinterior.com\/index.php\/2025\/12\/16\/san-francisco-del-monte-de-oro-vivira-el-festival-de-la-cerveza-sanfranfest\/","title":{"rendered":"San Francisco del Monte de Oro vivir\u00e1 el festival de la Cerveza \u2018Sanfranfest\u2019"},"content":{"rendered":"\n<p>VECINOSDELINTERIOR.COM \/ 16 DE DICIEMBRE<br>El pr\u00f3ximo s\u00e1bado 20 de diciembre, San Francisco del Monte de Oro volver\u00e1 a convertirse en uno de los destinos m\u00e1s convocantes del norte sanluise\u00f1o con la realizaci\u00f3n del Sanfranfest 2025, un evento que combina m\u00fasica en vivo, gastronom\u00eda, cerveza y el encanto de un pueblo con fuerte identidad cultural y natural.<br>La cita ser\u00e1 desde las 21:00 en el Club Pringles, con una propuesta pensada para residentes y turistas que eligen la regi\u00f3n para disfrutar del verano. \u2018Sanfrafest\u2019 proporciona una experiencia ideal para quienes buscan escapadas tur\u00edsticas que integren entretenimiento, paisajes serranos y tradiciones locales.<br>La noche del evento contar\u00e1 con una variada grilla art\u00edstica que incluye al DJ Amadeo Manzilla, La Cumbe, Claudio Aguilar Tr\u00edo y dos shows tributo: Abel Pintos y Coldplay, garantizando un recorrido musical diverso y atractivo para todo p\u00fablico.<br><br>M\u00e1s all\u00e1 del festival, San Francisco del Monte de Oro invita a descubrir un destino con r\u00edos cristalinos, senderos serranos, historia y tranquilidad, ideal para el descanso y el turismo activo. Durante el fin de semana, los visitantes pueden recorrer sitios hist\u00f3ricos vinculados a la figura de Domingo Faustino Sarmiento, disfrutar de balnearios naturales, propuestas gastron\u00f3micas regionales y una amplia oferta de alojamientos.<br>\u2018Sanfranfest\u2019 se suma as\u00ed a las celebraciones que impulsan el turismo local, dinamizan la econom\u00eda regional y posicionan a San Francisco del Monte de Oro como un punto destacado dentro del calendario de eventos de la provincia.<\/p>\n\n\n\n<figure class=\"wp-block-image size-large\"><img fetchpriority=\"high\" decoding=\"async\" width=\"768\" height=\"1024\" src=\"https:\/\/vecinosdelinterior.com\/wp-content\/uploads\/2025\/12\/SANFRANFEST-1-768x1024.jpg\" alt=\"\" class=\"wp-image-5946\" srcset=\"https:\/\/vecinosdelinterior.com\/wp-content\/uploads\/2025\/12\/SANFRANFEST-1-768x1024.jpg 768w, https:\/\/vecinosdelinterior.com\/wp-content\/uploads\/2025\/12\/SANFRANFEST-1-225x300.jpg 225w, https:\/\/vecinosdelinterior.com\/wp-content\/uploads\/2025\/12\/SANFRANFEST-1-750x1000.jpg 750w, https:\/\/vecinosdelinterior.com\/wp-content\/uploads\/2025\/12\/SANFRANFEST-1.jpg 955w\" sizes=\"(max-width: 768px) 100vw, 768px\" \/><\/figure>\n","protected":false},"excerpt":{"rendered":"<p>VECINOSDELINTERIOR.COM \/ 16 DE DICIEMBREEl pr\u00f3ximo s\u00e1bado 20 de diciembre, San Francisco del Monte de Oro volver\u00e1 a convertirse en uno de los destinos m\u00e1s convocantes del norte sanluise\u00f1o con la realizaci\u00f3n del Sanfranfest 2025, un evento que combina m\u00fasica en vivo, gastronom\u00eda, cerveza y el encanto de un pueblo con fuerte identidad cultural y [&hellip;]<\/p>\n","protected":false},"author":1,"featured_media":5946,"comment_status":"open","ping_status":"open","sticky":false,"template":"","format":"standard","meta":{"footnotes":""},"categories":[8,9],"tags":[333],"class_list":["post-5945","post","type-post","status-publish","format-standard","has-post-thumbnail","hentry","category-ayacucho","category-san-francisco","tag-festivales"],"_links":{"self":[{"href":"https:\/\/vecinosdelinterior.com\/index.php\/wp-json\/wp\/v2\/posts\/5945","targetHints":{"allow":["GET"]}}],"collection":[{"href":"https:\/\/vecinosdelinterior.com\/index.php\/wp-json\/wp\/v2\/posts"}],"about":[{"href":"https:\/\/vecinosdelinterior.com\/index.php\/wp-json\/wp\/v2\/types\/post"}],"author":[{"embeddable":true,"href":"https:\/\/vecinosdelinterior.com\/index.php\/wp-json\/wp\/v2\/users\/1"}],"replies":[{"embeddable":true,"href":"https:\/\/vecinosdelinterior.com\/index.php\/wp-json\/wp\/v2\/comments?post=5945"}],"version-history":[{"count":1,"href":"https:\/\/vecinosdelinterior.com\/index.php\/wp-json\/wp\/v2\/posts\/5945\/revisions"}],"predecessor-version":[{"id":5947,"href":"https:\/\/vecinosdelinterior.com\/index.php\/wp-json\/wp\/v2\/posts\/5945\/revisions\/5947"}],"wp:featuredmedia":[{"embeddable":true,"href":"https:\/\/vecinosdelinterior.com\/index.php\/wp-json\/wp\/v2\/media\/5946"}],"wp:attachment":[{"href":"https:\/\/vecinosdelinterior.com\/index.php\/wp-json\/wp\/v2\/media?parent=5945"}],"wp:term":[{"taxonomy":"category","embeddable":true,"href":"https:\/\/vecinosdelinterior.com\/index.php\/wp-json\/wp\/v2\/categories?post=5945"},{"taxonomy":"post_tag","embeddable":true,"href":"https:\/\/vecinosdelinterior.com\/index.php\/wp-json\/wp\/v2\/tags?post=5945"}],"curies":[{"name":"wp","href":"https:\/\/api.w.org\/{rel}","templated":true}]}}