{"id":5959,"date":"2025-12-19T16:11:53","date_gmt":"2025-12-19T19:11:53","guid":{"rendered":"https:\/\/vecinosdelinterior.com\/?p=5959"},"modified":"2025-12-19T16:11:53","modified_gmt":"2025-12-19T19:11:53","slug":"balde-invita-a-disfrutar-el-fin-de-semana-en-su-camping-municipal","status":"publish","type":"post","link":"https:\/\/vecinosdelinterior.com\/index.php\/2025\/12\/19\/balde-invita-a-disfrutar-el-fin-de-semana-en-su-camping-municipal\/","title":{"rendered":"Balde invita a disfrutar el fin de semana en su Camping Municipal"},"content":{"rendered":"\n<p>VECINOSDELINTERIOR.COM \/ 18 DE DICIEMBRE<br>Con la llegada de los d\u00edas de calor, el Camping Municipal de Balde se presenta como una opci\u00f3n ideal para quienes buscan descansar, compartir en familia y conectarse con la naturaleza durante el fin de semana.<br>El predio ofrece una completa propuesta recreativa que incluye pileta con juegos acu\u00e1ticos, pensada para grandes y chicos, adem\u00e1s de quinchos y asadores, espacios que invitan a compartir almuerzos al aire libre. Rodeado de paisajes tranquilos y aire puro, el camping se consolida como uno de los destinos preferidos para escapadas cortas y jornadas de recreaci\u00f3n.<\/p>\n\n\n\n<figure class=\"wp-block-image size-large\"><img fetchpriority=\"high\" decoding=\"async\" width=\"1024\" height=\"779\" src=\"https:\/\/vecinosdelinterior.com\/wp-content\/uploads\/2025\/12\/599731161_727462943737728_6839205758292778334_n-1024x779.jpg\" alt=\"\" class=\"wp-image-5960\" srcset=\"https:\/\/vecinosdelinterior.com\/wp-content\/uploads\/2025\/12\/599731161_727462943737728_6839205758292778334_n-1024x779.jpg 1024w, https:\/\/vecinosdelinterior.com\/wp-content\/uploads\/2025\/12\/599731161_727462943737728_6839205758292778334_n-300x228.jpg 300w, https:\/\/vecinosdelinterior.com\/wp-content\/uploads\/2025\/12\/599731161_727462943737728_6839205758292778334_n-768x585.jpg 768w, https:\/\/vecinosdelinterior.com\/wp-content\/uploads\/2025\/12\/599731161_727462943737728_6839205758292778334_n-750x571.jpg 750w, https:\/\/vecinosdelinterior.com\/wp-content\/uploads\/2025\/12\/599731161_727462943737728_6839205758292778334_n.jpg 1080w\" sizes=\"(max-width: 1024px) 100vw, 1024px\" \/><\/figure>\n\n\n\n<p><br>Para quienes desean extender su estad\u00eda, el lugar cuenta tambi\u00e9n con caba\u00f1as totalmente equipadas, permitiendo a los visitantes pernoctar y disfrutar de una experiencia m\u00e1s completa en contacto con la naturaleza.<br>En cuanto al acceso, el ingreso al camping tiene un valor de $8.000 para menores y jubilados y $10.000 para mayores, una tarifa accesible que facilita el acceso a las instalaciones y los servicios.<br>Balde invita a vecinos y turistas a preparar el mate, cargar la heladerita y acercarse a vivir un fin de semana distinto, donde el descanso, el agua y la naturaleza se combinan para ofrecer una propuesta recreativa pensada para toda la familia y grupos de amigos.<\/p>\n","protected":false},"excerpt":{"rendered":"<p>VECINOSDELINTERIOR.COM \/ 18 DE DICIEMBRECon la llegada de los d\u00edas de calor, el Camping Municipal de Balde se presenta como una opci\u00f3n ideal para quienes buscan descansar, compartir en familia y conectarse con la naturaleza durante el fin de semana.El predio ofrece una completa propuesta recreativa que incluye pileta con juegos acu\u00e1ticos, pensada para grandes [&hellip;]<\/p>\n","protected":false},"author":1,"featured_media":5960,"comment_status":"open","ping_status":"open","sticky":false,"template":"","format":"standard","meta":{"footnotes":""},"categories":[382,12],"tags":[],"class_list":["post-5959","post","type-post","status-publish","format-standard","has-post-thumbnail","hentry","category-balde","category-pueyrredon"],"_links":{"self":[{"href":"https:\/\/vecinosdelinterior.com\/index.php\/wp-json\/wp\/v2\/posts\/5959","targetHints":{"allow":["GET"]}}],"collection":[{"href":"https:\/\/vecinosdelinterior.com\/index.php\/wp-json\/wp\/v2\/posts"}],"about":[{"href":"https:\/\/vecinosdelinterior.com\/index.php\/wp-json\/wp\/v2\/types\/post"}],"author":[{"embeddable":true,"href":"https:\/\/vecinosdelinterior.com\/index.php\/wp-json\/wp\/v2\/users\/1"}],"replies":[{"embeddable":true,"href":"https:\/\/vecinosdelinterior.com\/index.php\/wp-json\/wp\/v2\/comments?post=5959"}],"version-history":[{"count":1,"href":"https:\/\/vecinosdelinterior.com\/index.php\/wp-json\/wp\/v2\/posts\/5959\/revisions"}],"predecessor-version":[{"id":5961,"href":"https:\/\/vecinosdelinterior.com\/index.php\/wp-json\/wp\/v2\/posts\/5959\/revisions\/5961"}],"wp:featuredmedia":[{"embeddable":true,"href":"https:\/\/vecinosdelinterior.com\/index.php\/wp-json\/wp\/v2\/media\/5960"}],"wp:attachment":[{"href":"https:\/\/vecinosdelinterior.com\/index.php\/wp-json\/wp\/v2\/media?parent=5959"}],"wp:term":[{"taxonomy":"category","embeddable":true,"href":"https:\/\/vecinosdelinterior.com\/index.php\/wp-json\/wp\/v2\/categories?post=5959"},{"taxonomy":"post_tag","embeddable":true,"href":"https:\/\/vecinosdelinterior.com\/index.php\/wp-json\/wp\/v2\/tags?post=5959"}],"curies":[{"name":"wp","href":"https:\/\/api.w.org\/{rel}","templated":true}]}}