{"id":5962,"date":"2025-12-18T16:11:00","date_gmt":"2025-12-18T19:11:00","guid":{"rendered":"https:\/\/vecinosdelinterior.com\/?p=5962"},"modified":"2025-12-19T16:14:13","modified_gmt":"2025-12-19T19:14:13","slug":"municipalidad-de-union-premiara-a-la-mejor-decoracion-navidena","status":"publish","type":"post","link":"https:\/\/vecinosdelinterior.com\/index.php\/2025\/12\/18\/municipalidad-de-union-premiara-a-la-mejor-decoracion-navidena\/","title":{"rendered":"Municipalidad de Union premiar\u00e1 a la mejor decoraci\u00f3n navide\u00f1a"},"content":{"rendered":"\n<p>El municipio de Uni\u00f3n invita a toda la comunidad a participar del concurso de la mejor decoraci\u00f3n navide\u00f1a. La casa o comercio que presenta la decoraci\u00f3n m\u00e1s destacada ser\u00e1 reconocida con un premio especial.<br>Bases para participar del concurso:<\/p>\n\n\n\n<p>Mencionar y etiquetar a la cuenta oficial del Municipio de Uni\u00f3n<\/p>\n\n\n\n<p>La decoraci\u00f3n debe ser visible desde el exterior<\/p>\n\n\n\n<p>Publicar una foto o video en redes sociales<\/p>\n","protected":false},"excerpt":{"rendered":"<p>El municipio de Uni\u00f3n invita a toda la comunidad a participar del concurso de la mejor decoraci\u00f3n navide\u00f1a. La casa o comercio que presenta la decoraci\u00f3n m\u00e1s destacada ser\u00e1 reconocida con un premio especial.Bases para participar del concurso: Mencionar y etiquetar a la cuenta oficial del Municipio de Uni\u00f3n La decoraci\u00f3n debe ser visible desde [&hellip;]<\/p>\n","protected":false},"author":1,"featured_media":5963,"comment_status":"open","ping_status":"open","sticky":false,"template":"","format":"standard","meta":{"footnotes":""},"categories":[16,376],"tags":[],"class_list":["post-5962","post","type-post","status-publish","format-standard","has-post-thumbnail","hentry","category-dupuy","category-union"],"_links":{"self":[{"href":"https:\/\/vecinosdelinterior.com\/index.php\/wp-json\/wp\/v2\/posts\/5962","targetHints":{"allow":["GET"]}}],"collection":[{"href":"https:\/\/vecinosdelinterior.com\/index.php\/wp-json\/wp\/v2\/posts"}],"about":[{"href":"https:\/\/vecinosdelinterior.com\/index.php\/wp-json\/wp\/v2\/types\/post"}],"author":[{"embeddable":true,"href":"https:\/\/vecinosdelinterior.com\/index.php\/wp-json\/wp\/v2\/users\/1"}],"replies":[{"embeddable":true,"href":"https:\/\/vecinosdelinterior.com\/index.php\/wp-json\/wp\/v2\/comments?post=5962"}],"version-history":[{"count":1,"href":"https:\/\/vecinosdelinterior.com\/index.php\/wp-json\/wp\/v2\/posts\/5962\/revisions"}],"predecessor-version":[{"id":5964,"href":"https:\/\/vecinosdelinterior.com\/index.php\/wp-json\/wp\/v2\/posts\/5962\/revisions\/5964"}],"wp:featuredmedia":[{"embeddable":true,"href":"https:\/\/vecinosdelinterior.com\/index.php\/wp-json\/wp\/v2\/media\/5963"}],"wp:attachment":[{"href":"https:\/\/vecinosdelinterior.com\/index.php\/wp-json\/wp\/v2\/media?parent=5962"}],"wp:term":[{"taxonomy":"category","embeddable":true,"href":"https:\/\/vecinosdelinterior.com\/index.php\/wp-json\/wp\/v2\/categories?post=5962"},{"taxonomy":"post_tag","embeddable":true,"href":"https:\/\/vecinosdelinterior.com\/index.php\/wp-json\/wp\/v2\/tags?post=5962"}],"curies":[{"name":"wp","href":"https:\/\/api.w.org\/{rel}","templated":true}]}}