{"id":5977,"date":"2025-12-22T10:17:00","date_gmt":"2025-12-22T13:17:00","guid":{"rendered":"https:\/\/vecinosdelinterior.com\/?p=5977"},"modified":"2025-12-22T22:19:57","modified_gmt":"2025-12-23T01:19:57","slug":"buena-esperanza-lanza-su-colonia-de-vacaciones-temporada-2026","status":"publish","type":"post","link":"https:\/\/vecinosdelinterior.com\/index.php\/2025\/12\/22\/buena-esperanza-lanza-su-colonia-de-vacaciones-temporada-2026\/","title":{"rendered":"Buena Esperanza lanza su colonia de vacaciones temporada 2026"},"content":{"rendered":"\n<p>VECINOSDELINTERIOR.COM \/ 22 DE DICIEMBRE<br>Arranca la Colonia de Verano \u201926 con juegos, risas y mucha diversi\u00f3n para disfrutar a pleno las vacaciones en Buena Esperanza<br>\u2714\ufe0f Inscripciones gratuitas<br>\ud83d\udc67\ud83e\uddd2 Para ni\u00f1os y ni\u00f1as de 4 a 14 a\u00f1os<br>\ud83d\udcc5 Inicia el 5 de enero<br>\ud83d\udccd Sal\u00f3n de Cultura Municipal<br>Arte, deporte, cultura, juegos\u2026<br>\u00a1y lo m\u00e1s esperado por todos: la pileta para refrescarse y disfrutar! \ud83d\udca7\ud83d\ude04<br>Un verano para compartir, jugar y crecer en comunidad.<\/p>\n\n\n\n<figure class=\"wp-block-gallery has-nested-images columns-default is-cropped wp-block-gallery-1 is-layout-flex wp-block-gallery-is-layout-flex\">\n<figure class=\"wp-block-image size-large\"><img fetchpriority=\"high\" decoding=\"async\" width=\"819\" height=\"1024\" data-id=\"5978\" src=\"https:\/\/vecinosdelinterior.com\/wp-content\/uploads\/2025\/12\/600385544_122247137240146161_7016562767449937423_n-819x1024.jpg\" alt=\"\" class=\"wp-image-5978\" srcset=\"https:\/\/vecinosdelinterior.com\/wp-content\/uploads\/2025\/12\/600385544_122247137240146161_7016562767449937423_n-819x1024.jpg 819w, https:\/\/vecinosdelinterior.com\/wp-content\/uploads\/2025\/12\/600385544_122247137240146161_7016562767449937423_n-240x300.jpg 240w, https:\/\/vecinosdelinterior.com\/wp-content\/uploads\/2025\/12\/600385544_122247137240146161_7016562767449937423_n-768x960.jpg 768w, https:\/\/vecinosdelinterior.com\/wp-content\/uploads\/2025\/12\/600385544_122247137240146161_7016562767449937423_n-750x938.jpg 750w, https:\/\/vecinosdelinterior.com\/wp-content\/uploads\/2025\/12\/600385544_122247137240146161_7016562767449937423_n.jpg 1080w\" sizes=\"(max-width: 819px) 100vw, 819px\" \/><\/figure>\n\n\n\n<figure class=\"wp-block-image size-large\"><img decoding=\"async\" width=\"819\" height=\"1024\" data-id=\"5979\" src=\"https:\/\/vecinosdelinterior.com\/wp-content\/uploads\/2025\/12\/603944030_122247137246146161_5487627603018000202_n-819x1024.jpg\" alt=\"\" class=\"wp-image-5979\" srcset=\"https:\/\/vecinosdelinterior.com\/wp-content\/uploads\/2025\/12\/603944030_122247137246146161_5487627603018000202_n-819x1024.jpg 819w, https:\/\/vecinosdelinterior.com\/wp-content\/uploads\/2025\/12\/603944030_122247137246146161_5487627603018000202_n-240x300.jpg 240w, https:\/\/vecinosdelinterior.com\/wp-content\/uploads\/2025\/12\/603944030_122247137246146161_5487627603018000202_n-768x960.jpg 768w, https:\/\/vecinosdelinterior.com\/wp-content\/uploads\/2025\/12\/603944030_122247137246146161_5487627603018000202_n-750x938.jpg 750w, https:\/\/vecinosdelinterior.com\/wp-content\/uploads\/2025\/12\/603944030_122247137246146161_5487627603018000202_n.jpg 1080w\" sizes=\"(max-width: 819px) 100vw, 819px\" \/><\/figure>\n<\/figure>\n","protected":false},"excerpt":{"rendered":"<p>VECINOSDELINTERIOR.COM \/ 22 DE DICIEMBREArranca la Colonia de Verano \u201926 con juegos, risas y mucha diversi\u00f3n para disfrutar a pleno las vacaciones en Buena Esperanza\u2714\ufe0f Inscripciones gratuitas\ud83d\udc67\ud83e\uddd2 Para ni\u00f1os y ni\u00f1as de 4 a 14 a\u00f1os\ud83d\udcc5 Inicia el 5 de enero\ud83d\udccd Sal\u00f3n de Cultura MunicipalArte, deporte, cultura, juegos\u2026\u00a1y lo m\u00e1s esperado por todos: la pileta [&hellip;]<\/p>\n","protected":false},"author":1,"featured_media":5979,"comment_status":"open","ping_status":"open","sticky":false,"template":"","format":"standard","meta":{"footnotes":""},"categories":[18,16],"tags":[177],"class_list":["post-5977","post","type-post","status-publish","format-standard","has-post-thumbnail","hentry","category-buena-esperanza-dupuy","category-dupuy","tag-gestiones-destacadas"],"_links":{"self":[{"href":"https:\/\/vecinosdelinterior.com\/index.php\/wp-json\/wp\/v2\/posts\/5977","targetHints":{"allow":["GET"]}}],"collection":[{"href":"https:\/\/vecinosdelinterior.com\/index.php\/wp-json\/wp\/v2\/posts"}],"about":[{"href":"https:\/\/vecinosdelinterior.com\/index.php\/wp-json\/wp\/v2\/types\/post"}],"author":[{"embeddable":true,"href":"https:\/\/vecinosdelinterior.com\/index.php\/wp-json\/wp\/v2\/users\/1"}],"replies":[{"embeddable":true,"href":"https:\/\/vecinosdelinterior.com\/index.php\/wp-json\/wp\/v2\/comments?post=5977"}],"version-history":[{"count":1,"href":"https:\/\/vecinosdelinterior.com\/index.php\/wp-json\/wp\/v2\/posts\/5977\/revisions"}],"predecessor-version":[{"id":5980,"href":"https:\/\/vecinosdelinterior.com\/index.php\/wp-json\/wp\/v2\/posts\/5977\/revisions\/5980"}],"wp:featuredmedia":[{"embeddable":true,"href":"https:\/\/vecinosdelinterior.com\/index.php\/wp-json\/wp\/v2\/media\/5979"}],"wp:attachment":[{"href":"https:\/\/vecinosdelinterior.com\/index.php\/wp-json\/wp\/v2\/media?parent=5977"}],"wp:term":[{"taxonomy":"category","embeddable":true,"href":"https:\/\/vecinosdelinterior.com\/index.php\/wp-json\/wp\/v2\/categories?post=5977"},{"taxonomy":"post_tag","embeddable":true,"href":"https:\/\/vecinosdelinterior.com\/index.php\/wp-json\/wp\/v2\/tags?post=5977"}],"curies":[{"name":"wp","href":"https:\/\/api.w.org\/{rel}","templated":true}]}}