{"id":598,"date":"2023-09-02T13:26:18","date_gmt":"2023-09-02T16:26:18","guid":{"rendered":"https:\/\/vecinosdelinterior.com\/?p=598"},"modified":"2023-09-02T13:26:18","modified_gmt":"2023-09-02T16:26:18","slug":"bomberos-voluntarios-sofocaron-un-incendio-en-un-campo-de-las-chacras","status":"publish","type":"post","link":"https:\/\/vecinosdelinterior.com\/index.php\/2023\/09\/02\/bomberos-voluntarios-sofocaron-un-incendio-en-un-campo-de-las-chacras\/","title":{"rendered":"Bomberos Voluntarios sofocaron un incendio en un campo de Las Chacras"},"content":{"rendered":"\n<p><br>Efectivos del Cuartel VI, La Toma, dependientes de la Direcci\u00f3n General de Bomberos combatieron un feroz incendio que se desat\u00f3 en un campo.<\/p>\n\n\n\n<p>Seg\u00fan detall\u00f3 la Polic\u00eda de San Luis, la intervenci\u00f3n se realiz\u00f3 este viernes en el paraje El Duraznito, de la localidad Las Chacras.<\/p>\n\n\n\n<p>Las fuerzas de seguridad investigan el hecho y tratan de establecer las razones por las que se origin\u00f3 el siniestro. No hubo v\u00edctimas, solo da\u00f1os materiales.<\/p>\n\n\n\n<p>Colabor\u00f3 en las tareas preventivas personal de San Luis Solidario, Bomberos Voluntarios de Merlo y de la Comisar\u00eda 27\u00b0 San Mart\u00edn.<\/p>\n\n\n\n<figure class=\"wp-block-image size-full\"><img fetchpriority=\"high\" decoding=\"async\" width=\"638\" height=\"312\" src=\"https:\/\/vecinosdelinterior.com\/wp-content\/uploads\/2023\/09\/fuego-min.png\" alt=\"\" class=\"wp-image-599\" srcset=\"https:\/\/vecinosdelinterior.com\/wp-content\/uploads\/2023\/09\/fuego-min.png 638w, https:\/\/vecinosdelinterior.com\/wp-content\/uploads\/2023\/09\/fuego-min-300x147.png 300w\" sizes=\"(max-width: 638px) 100vw, 638px\" \/><\/figure>\n","protected":false},"excerpt":{"rendered":"<p>Efectivos del Cuartel VI, La Toma, dependientes de la Direcci\u00f3n General de Bomberos combatieron un feroz incendio que se desat\u00f3 en un campo. Seg\u00fan detall\u00f3 la Polic\u00eda de San Luis, la intervenci\u00f3n se realiz\u00f3 este viernes en el paraje El Duraznito, de la localidad Las Chacras. Las fuerzas de seguridad investigan el hecho y tratan [&hellip;]<\/p>\n","protected":false},"author":1,"featured_media":599,"comment_status":"open","ping_status":"open","sticky":false,"template":"","format":"standard","meta":{"footnotes":""},"categories":[185],"tags":[77,186],"class_list":["post-598","post","type-post","status-publish","format-standard","has-post-thumbnail","hentry","category-las-chacras","tag-incendio","tag-las-chacras"],"_links":{"self":[{"href":"https:\/\/vecinosdelinterior.com\/index.php\/wp-json\/wp\/v2\/posts\/598","targetHints":{"allow":["GET"]}}],"collection":[{"href":"https:\/\/vecinosdelinterior.com\/index.php\/wp-json\/wp\/v2\/posts"}],"about":[{"href":"https:\/\/vecinosdelinterior.com\/index.php\/wp-json\/wp\/v2\/types\/post"}],"author":[{"embeddable":true,"href":"https:\/\/vecinosdelinterior.com\/index.php\/wp-json\/wp\/v2\/users\/1"}],"replies":[{"embeddable":true,"href":"https:\/\/vecinosdelinterior.com\/index.php\/wp-json\/wp\/v2\/comments?post=598"}],"version-history":[{"count":1,"href":"https:\/\/vecinosdelinterior.com\/index.php\/wp-json\/wp\/v2\/posts\/598\/revisions"}],"predecessor-version":[{"id":600,"href":"https:\/\/vecinosdelinterior.com\/index.php\/wp-json\/wp\/v2\/posts\/598\/revisions\/600"}],"wp:featuredmedia":[{"embeddable":true,"href":"https:\/\/vecinosdelinterior.com\/index.php\/wp-json\/wp\/v2\/media\/599"}],"wp:attachment":[{"href":"https:\/\/vecinosdelinterior.com\/index.php\/wp-json\/wp\/v2\/media?parent=598"}],"wp:term":[{"taxonomy":"category","embeddable":true,"href":"https:\/\/vecinosdelinterior.com\/index.php\/wp-json\/wp\/v2\/categories?post=598"},{"taxonomy":"post_tag","embeddable":true,"href":"https:\/\/vecinosdelinterior.com\/index.php\/wp-json\/wp\/v2\/tags?post=598"}],"curies":[{"name":"wp","href":"https:\/\/api.w.org\/{rel}","templated":true}]}}