{"id":5991,"date":"2025-12-26T13:15:49","date_gmt":"2025-12-26T16:15:49","guid":{"rendered":"https:\/\/vecinosdelinterior.com\/?p=5991"},"modified":"2025-12-26T13:15:49","modified_gmt":"2025-12-26T16:15:49","slug":"villa-de-merlo-investigan-la-muerte-de-un-hombre-en-el-barrio-18-viviendas","status":"publish","type":"post","link":"https:\/\/vecinosdelinterior.com\/index.php\/2025\/12\/26\/villa-de-merlo-investigan-la-muerte-de-un-hombre-en-el-barrio-18-viviendas\/","title":{"rendered":"VILLA DE MERLO: Investigan la muerte de un hombre en el barrio 18 viviendas"},"content":{"rendered":"\n<p>VECINOSDELINTERIOR.COM \/ 26 DE DICIEMBRE<br>Personal policial trabaja en una vivienda de la localidad de Villa de Merlo, en el barrio 18 Viviendas, jurisdicci\u00f3n de la Comisar\u00eda N.\u00ba 42, a ra\u00edz de una alerta recibida en las \u00faltimas horas.<br>Al arribar al lugar, los efectivos constataron que un hombre mayor de edad, de m\u00e1s de 70 a\u00f1os, se encontraba sin signos vitales en el interior del domicilio. En la vivienda tambi\u00e9n se hallaba una mujer, mayor de edad y de similar edad, quien ser\u00eda la pareja del hombre fallecido, y presentaba algunos cortes superficiales en partes de su cuerpo.<br>De inmediato se solicit\u00f3 la presencia de personal de salud, quienes constataron el deceso del hombre. En tanto, la mujer fue trasladada al hospital de la localidad para su atenci\u00f3n m\u00e9dica, principalmente debido a una enfermedad de base que presenta y para la evaluaci\u00f3n y tratamiento de las lesiones superficiales.<br>Cabe destacar que personal de la Divisi\u00f3n Homicidios trabaja en el lugar y que, en una primera inspecci\u00f3n ocular del inmueble, no se observaron faltantes de elementos de valor, signos de desorden ni cerraduras da\u00f1adas.<br>En el marco de la investigaci\u00f3n, personal policial lleva adelante entrevistas a personas que pudieran aportar informaci\u00f3n relevante para establecer las circunstancias y motivos del hecho ocurrido en la vivienda.<br>Ampliaremos<\/p>\n","protected":false},"excerpt":{"rendered":"<p>VECINOSDELINTERIOR.COM \/ 26 DE DICIEMBREPersonal policial trabaja en una vivienda de la localidad de Villa de Merlo, en el barrio 18 Viviendas, jurisdicci\u00f3n de la Comisar\u00eda N.\u00ba 42, a ra\u00edz de una alerta recibida en las \u00faltimas horas.Al arribar al lugar, los efectivos constataron que un hombre mayor de edad, de m\u00e1s de 70 a\u00f1os, [&hellip;]<\/p>\n","protected":false},"author":1,"featured_media":5992,"comment_status":"open","ping_status":"open","sticky":false,"template":"","format":"standard","meta":{"footnotes":""},"categories":[23,73],"tags":[213],"class_list":["post-5991","post","type-post","status-publish","format-standard","has-post-thumbnail","hentry","category-junin","category-merlo","tag-policial"],"_links":{"self":[{"href":"https:\/\/vecinosdelinterior.com\/index.php\/wp-json\/wp\/v2\/posts\/5991","targetHints":{"allow":["GET"]}}],"collection":[{"href":"https:\/\/vecinosdelinterior.com\/index.php\/wp-json\/wp\/v2\/posts"}],"about":[{"href":"https:\/\/vecinosdelinterior.com\/index.php\/wp-json\/wp\/v2\/types\/post"}],"author":[{"embeddable":true,"href":"https:\/\/vecinosdelinterior.com\/index.php\/wp-json\/wp\/v2\/users\/1"}],"replies":[{"embeddable":true,"href":"https:\/\/vecinosdelinterior.com\/index.php\/wp-json\/wp\/v2\/comments?post=5991"}],"version-history":[{"count":1,"href":"https:\/\/vecinosdelinterior.com\/index.php\/wp-json\/wp\/v2\/posts\/5991\/revisions"}],"predecessor-version":[{"id":5993,"href":"https:\/\/vecinosdelinterior.com\/index.php\/wp-json\/wp\/v2\/posts\/5991\/revisions\/5993"}],"wp:featuredmedia":[{"embeddable":true,"href":"https:\/\/vecinosdelinterior.com\/index.php\/wp-json\/wp\/v2\/media\/5992"}],"wp:attachment":[{"href":"https:\/\/vecinosdelinterior.com\/index.php\/wp-json\/wp\/v2\/media?parent=5991"}],"wp:term":[{"taxonomy":"category","embeddable":true,"href":"https:\/\/vecinosdelinterior.com\/index.php\/wp-json\/wp\/v2\/categories?post=5991"},{"taxonomy":"post_tag","embeddable":true,"href":"https:\/\/vecinosdelinterior.com\/index.php\/wp-json\/wp\/v2\/tags?post=5991"}],"curies":[{"name":"wp","href":"https:\/\/api.w.org\/{rel}","templated":true}]}}