{"id":5994,"date":"2025-12-26T11:15:00","date_gmt":"2025-12-26T14:15:00","guid":{"rendered":"https:\/\/vecinosdelinterior.com\/?p=5994"},"modified":"2025-12-26T13:16:54","modified_gmt":"2025-12-26T16:16:54","slug":"quines-se-prepara-para-recibir-la-6-edicion-del-festival-del-pastel-criollo","status":"publish","type":"post","link":"https:\/\/vecinosdelinterior.com\/index.php\/2025\/12\/26\/quines-se-prepara-para-recibir-la-6-edicion-del-festival-del-pastel-criollo\/","title":{"rendered":"Quines se prepara para recibir la 6\u00b0 edici\u00f3n del Festival del Pastel Criollo"},"content":{"rendered":"\n<p>VECINOSDELINTERIOR.COM \/ 26 DE DICIEMBRE<br>A trav\u00e9s de una feria gastron\u00f3mica, la ciudad vivir\u00e1 una nueva fiesta este s\u00e1bado desde las 21:30 en la plaza Lafinur. Tambi\u00e9n habr\u00e1 shows en vivo con el cierre final de \u2018Renacer Chamamecero\u2019. La entrada ser\u00e1 libre y gratuita para toda la comunidad.<br>Nadia Ybarra (centro), directora de Eventos, Fiestas Provinciales y Espacios Culturales y Jos\u00e9 Manuel Arce Dur\u00e1n, secretario de Cultura de Quines, junto a Blanca Mor\u00e1n.<br>Este s\u00e1bado, la localidad de Quines se prepara para recibir la 6\u00b0 edici\u00f3n del Festival del Pastel Criollo. Ser\u00e1 a partir de las 21:30 en la plaza Lafinur, donde a trav\u00e9s de una feria gastron\u00f3mica y un encuentro con las costumbres t\u00edpicas del pueblo, la comunidad podr\u00e1 disfrutar de una noche en la que tambi\u00e9n habr\u00e1 shows en vivo con entrada libre y gratuita.<\/p>\n\n\n\n<figure class=\"wp-block-image size-large\"><img fetchpriority=\"high\" decoding=\"async\" width=\"1024\" height=\"683\" src=\"https:\/\/vecinosdelinterior.com\/wp-content\/uploads\/2025\/12\/WhatsApp-Image-2025-12-26-at-11.11.20-2048x1365-1-1024x683.jpeg\" alt=\"\" class=\"wp-image-5995\" srcset=\"https:\/\/vecinosdelinterior.com\/wp-content\/uploads\/2025\/12\/WhatsApp-Image-2025-12-26-at-11.11.20-2048x1365-1-1024x683.jpeg 1024w, https:\/\/vecinosdelinterior.com\/wp-content\/uploads\/2025\/12\/WhatsApp-Image-2025-12-26-at-11.11.20-2048x1365-1-300x200.jpeg 300w, https:\/\/vecinosdelinterior.com\/wp-content\/uploads\/2025\/12\/WhatsApp-Image-2025-12-26-at-11.11.20-2048x1365-1-768x512.jpeg 768w, https:\/\/vecinosdelinterior.com\/wp-content\/uploads\/2025\/12\/WhatsApp-Image-2025-12-26-at-11.11.20-2048x1365-1-1536x1024.jpeg 1536w, https:\/\/vecinosdelinterior.com\/wp-content\/uploads\/2025\/12\/WhatsApp-Image-2025-12-26-at-11.11.20-2048x1365-1-750x500.jpeg 750w, https:\/\/vecinosdelinterior.com\/wp-content\/uploads\/2025\/12\/WhatsApp-Image-2025-12-26-at-11.11.20-2048x1365-1-1140x760.jpeg 1140w, https:\/\/vecinosdelinterior.com\/wp-content\/uploads\/2025\/12\/WhatsApp-Image-2025-12-26-at-11.11.20-2048x1365-1.jpeg 2048w\" sizes=\"(max-width: 1024px) 100vw, 1024px\" \/><\/figure>\n\n\n\n<p><br>\u201cEs un festival para toda la comunidad en el que celebramos la costumbre y la historia de Quines a trav\u00e9s de una feria gastron\u00f3mica, recordando las tareas que se van pasando de generaci\u00f3n en generaci\u00f3n. Como lo venimos haciendo, en un ciclo que es \u2018Conectarte\u2019 y busca realizar festividades en cada localidad de nuestra provincia para poder ofrecerle al turista y a todas las personas de nuestra provincia lo que ha sido San Luis en una experiencia para conectar con la cultura y la historia\u201d, asegur\u00f3 Nadia Ybarra, directora de Eventos, Fiestas Provinciales y Espacios Culturales, durante una conferencia de prensa.<br>El secretario de Cultura y Prensa de la Municipalidad de Quines, Jos\u00e9 Arce Dur\u00e1n invit\u00f3 a la comunidad a participar de este festival que adem\u00e1s de contar con la presencia de una gran feria de emprendedores y artesanos, tambi\u00e9n tendr\u00e1 artistas, academias de danzas y finalmente elegir\u00e1n a la reina de esta festividad.<br>\u201cEstar\u00e1 la academia \u2018La Candelaria\u2019, \u2018Danza\u2019 y la actuaci\u00f3n de La Cautana, Ruben Barrios y el \u2018Renacer Chamamecero\u2019. La verdad que estamos muy contentos de poder invitar y poder realizar esta s\u00e9ptima edici\u00f3n de la fiesta del Festival donde tambi\u00e9n se estar\u00e1 eligiendo y coronando a la nueva reina que representa este festival, sabores y tradiciones, caracter\u00edsticas, cultura y tradici\u00f3n en plaza Lafinur\u201d, dijo el funcionario.<br>Blanca Mor\u00e1n, la presidenta de la Comisi\u00f3n del Pastel Criollo, cont\u00f3 porqu\u00e9 se hace la festividad recordando esta comida y tambi\u00e9n explic\u00f3 c\u00f3mo se hace un pastel criollo. \u201cViene de una numerosa familia, donde hacen el pastel criollo hace a\u00f1os. Viene de mis abuelos y pas\u00f3 de generaci\u00f3n en generaci\u00f3n. Es un pastel como la empanada, pero lleva queso criollo y el dulce de membrillo, que es agridulce. La masa tiene que estar bien trabajada, bien sobada en este caso y que tenga una consistencia bien crocante. Esto se frita en grasa y el sabor hay que probarlo y despu\u00e9s ver\u00e1n que es muy rico\u201d, concluy\u00f3 la vecina.<\/p>\n","protected":false},"excerpt":{"rendered":"<p>VECINOSDELINTERIOR.COM \/ 26 DE DICIEMBREA trav\u00e9s de una feria gastron\u00f3mica, la ciudad vivir\u00e1 una nueva fiesta este s\u00e1bado desde las 21:30 en la plaza Lafinur. Tambi\u00e9n habr\u00e1 shows en vivo con el cierre final de \u2018Renacer Chamamecero\u2019. La entrada ser\u00e1 libre y gratuita para toda la comunidad.Nadia Ybarra (centro), directora de Eventos, Fiestas Provinciales y [&hellip;]<\/p>\n","protected":false},"author":1,"featured_media":5995,"comment_status":"open","ping_status":"open","sticky":false,"template":"","format":"standard","meta":{"footnotes":""},"categories":[8,54],"tags":[391,333],"class_list":["post-5994","post","type-post","status-publish","format-standard","has-post-thumbnail","hentry","category-ayacucho","category-quines-ayacucho","tag-eventos","tag-festivales"],"_links":{"self":[{"href":"https:\/\/vecinosdelinterior.com\/index.php\/wp-json\/wp\/v2\/posts\/5994","targetHints":{"allow":["GET"]}}],"collection":[{"href":"https:\/\/vecinosdelinterior.com\/index.php\/wp-json\/wp\/v2\/posts"}],"about":[{"href":"https:\/\/vecinosdelinterior.com\/index.php\/wp-json\/wp\/v2\/types\/post"}],"author":[{"embeddable":true,"href":"https:\/\/vecinosdelinterior.com\/index.php\/wp-json\/wp\/v2\/users\/1"}],"replies":[{"embeddable":true,"href":"https:\/\/vecinosdelinterior.com\/index.php\/wp-json\/wp\/v2\/comments?post=5994"}],"version-history":[{"count":1,"href":"https:\/\/vecinosdelinterior.com\/index.php\/wp-json\/wp\/v2\/posts\/5994\/revisions"}],"predecessor-version":[{"id":5996,"href":"https:\/\/vecinosdelinterior.com\/index.php\/wp-json\/wp\/v2\/posts\/5994\/revisions\/5996"}],"wp:featuredmedia":[{"embeddable":true,"href":"https:\/\/vecinosdelinterior.com\/index.php\/wp-json\/wp\/v2\/media\/5995"}],"wp:attachment":[{"href":"https:\/\/vecinosdelinterior.com\/index.php\/wp-json\/wp\/v2\/media?parent=5994"}],"wp:term":[{"taxonomy":"category","embeddable":true,"href":"https:\/\/vecinosdelinterior.com\/index.php\/wp-json\/wp\/v2\/categories?post=5994"},{"taxonomy":"post_tag","embeddable":true,"href":"https:\/\/vecinosdelinterior.com\/index.php\/wp-json\/wp\/v2\/tags?post=5994"}],"curies":[{"name":"wp","href":"https:\/\/api.w.org\/{rel}","templated":true}]}}