{"id":6003,"date":"2025-12-29T00:08:19","date_gmt":"2025-12-29T03:08:19","guid":{"rendered":"https:\/\/vecinosdelinterior.com\/?p=6003"},"modified":"2025-12-29T00:08:34","modified_gmt":"2025-12-29T03:08:34","slug":"vecinos-indignados-por-aguas-servidas-que-son-arrojadas-al-rio-conlara-provenientes-del-frigorifico-matadero-municipal-de-concaran","status":"publish","type":"post","link":"https:\/\/vecinosdelinterior.com\/index.php\/2025\/12\/29\/vecinos-indignados-por-aguas-servidas-que-son-arrojadas-al-rio-conlara-provenientes-del-frigorifico-matadero-municipal-de-concaran\/","title":{"rendered":"Vecinos indignados por aguas servidas que son arrojadas al R\u00edo Conlara provenientes del frigor\u00edfico-matadero municipal de Concar\u00e1n"},"content":{"rendered":"\n<p>VECINOSDELINTERIOR.COM \/ 28 DE DICIEMBRE<br>El problema no es nuevo, ya en el 2023 se constat\u00f3 que se contaminaba y los mismos vecinos reclamaron el cierre del matadero por el olor nauseabundo y la contaminaci\u00f3n al r\u00edo.<br>Recientemente, vuelve a hacerse conocer, esta vez a trav\u00e9s de las redes sociales de la contaminaci\u00f3n que es ocasionada al medioambiente, sin respuestas de autoridades municipales ni de medioambiente provincial.<br>Las im\u00e1genes publicadas por vecinos muestran como las aguas servidas terminan decantando en surcos que conducen al r\u00edo. Miguel el vecino que lo comparti\u00f3 en sus redes, a\u00f1adi\u00f3 a su publicaci\u00f3n: \u00abR\u00edo de sangre y mugre saliendo a nuestro R\u00edo Conlara\u00bb.<br>Est\u00e1 dem\u00e1s de decir lo pero el r\u00edo Conlara es usado tanto para el agro, como para la recreaci\u00f3n de todo el norte provincial, y un da\u00f1o de este tipo puede tornarse sumamente grave sino se remedia a tiempo, m\u00e1s a\u00fan con los antecedente que hay en relaci\u00f3n al tema.<\/p>\n\n\n\n<figure class=\"wp-block-gallery has-nested-images columns-default is-cropped wp-block-gallery-1 is-layout-flex wp-block-gallery-is-layout-flex\">\n<figure class=\"wp-block-image size-large\"><img fetchpriority=\"high\" decoding=\"async\" width=\"1024\" height=\"768\" data-id=\"6005\" src=\"https:\/\/vecinosdelinterior.com\/wp-content\/uploads\/2025\/12\/605291614_3102747913228393_842008878839867659_n-1024x768.jpg\" alt=\"\" class=\"wp-image-6005\" srcset=\"https:\/\/vecinosdelinterior.com\/wp-content\/uploads\/2025\/12\/605291614_3102747913228393_842008878839867659_n-1024x768.jpg 1024w, https:\/\/vecinosdelinterior.com\/wp-content\/uploads\/2025\/12\/605291614_3102747913228393_842008878839867659_n-300x225.jpg 300w, https:\/\/vecinosdelinterior.com\/wp-content\/uploads\/2025\/12\/605291614_3102747913228393_842008878839867659_n-768x576.jpg 768w, https:\/\/vecinosdelinterior.com\/wp-content\/uploads\/2025\/12\/605291614_3102747913228393_842008878839867659_n-1536x1152.jpg 1536w, https:\/\/vecinosdelinterior.com\/wp-content\/uploads\/2025\/12\/605291614_3102747913228393_842008878839867659_n-750x563.jpg 750w, https:\/\/vecinosdelinterior.com\/wp-content\/uploads\/2025\/12\/605291614_3102747913228393_842008878839867659_n-1140x855.jpg 1140w, https:\/\/vecinosdelinterior.com\/wp-content\/uploads\/2025\/12\/605291614_3102747913228393_842008878839867659_n.jpg 2048w\" sizes=\"(max-width: 1024px) 100vw, 1024px\" \/><\/figure>\n\n\n\n<figure class=\"wp-block-image size-large\"><img decoding=\"async\" width=\"590\" height=\"443\" data-id=\"6004\" src=\"https:\/\/vecinosdelinterior.com\/wp-content\/uploads\/2025\/12\/606409293_3102747919895059_3469260071066255120_n.jpg\" alt=\"\" class=\"wp-image-6004\" srcset=\"https:\/\/vecinosdelinterior.com\/wp-content\/uploads\/2025\/12\/606409293_3102747919895059_3469260071066255120_n.jpg 590w, https:\/\/vecinosdelinterior.com\/wp-content\/uploads\/2025\/12\/606409293_3102747919895059_3469260071066255120_n-300x225.jpg 300w\" sizes=\"(max-width: 590px) 100vw, 590px\" \/><\/figure>\n<\/figure>\n","protected":false},"excerpt":{"rendered":"<p>VECINOSDELINTERIOR.COM \/ 28 DE DICIEMBREEl problema no es nuevo, ya en el 2023 se constat\u00f3 que se contaminaba y los mismos vecinos reclamaron el cierre del matadero por el olor nauseabundo y la contaminaci\u00f3n al r\u00edo.Recientemente, vuelve a hacerse conocer, esta vez a trav\u00e9s de las redes sociales de la contaminaci\u00f3n que es ocasionada al [&hellip;]<\/p>\n","protected":false},"author":1,"featured_media":6004,"comment_status":"open","ping_status":"open","sticky":false,"template":"","format":"standard","meta":{"footnotes":""},"categories":[29,223],"tags":[176],"class_list":["post-6003","post","type-post","status-publish","format-standard","has-post-thumbnail","hentry","category-chacabuco","category-concaran","tag-medioambiente"],"_links":{"self":[{"href":"https:\/\/vecinosdelinterior.com\/index.php\/wp-json\/wp\/v2\/posts\/6003","targetHints":{"allow":["GET"]}}],"collection":[{"href":"https:\/\/vecinosdelinterior.com\/index.php\/wp-json\/wp\/v2\/posts"}],"about":[{"href":"https:\/\/vecinosdelinterior.com\/index.php\/wp-json\/wp\/v2\/types\/post"}],"author":[{"embeddable":true,"href":"https:\/\/vecinosdelinterior.com\/index.php\/wp-json\/wp\/v2\/users\/1"}],"replies":[{"embeddable":true,"href":"https:\/\/vecinosdelinterior.com\/index.php\/wp-json\/wp\/v2\/comments?post=6003"}],"version-history":[{"count":1,"href":"https:\/\/vecinosdelinterior.com\/index.php\/wp-json\/wp\/v2\/posts\/6003\/revisions"}],"predecessor-version":[{"id":6006,"href":"https:\/\/vecinosdelinterior.com\/index.php\/wp-json\/wp\/v2\/posts\/6003\/revisions\/6006"}],"wp:featuredmedia":[{"embeddable":true,"href":"https:\/\/vecinosdelinterior.com\/index.php\/wp-json\/wp\/v2\/media\/6004"}],"wp:attachment":[{"href":"https:\/\/vecinosdelinterior.com\/index.php\/wp-json\/wp\/v2\/media?parent=6003"}],"wp:term":[{"taxonomy":"category","embeddable":true,"href":"https:\/\/vecinosdelinterior.com\/index.php\/wp-json\/wp\/v2\/categories?post=6003"},{"taxonomy":"post_tag","embeddable":true,"href":"https:\/\/vecinosdelinterior.com\/index.php\/wp-json\/wp\/v2\/tags?post=6003"}],"curies":[{"name":"wp","href":"https:\/\/api.w.org\/{rel}","templated":true}]}}