{"id":6007,"date":"2025-12-28T23:09:00","date_gmt":"2025-12-29T02:09:00","guid":{"rendered":"https:\/\/vecinosdelinterior.com\/?p=6007"},"modified":"2025-12-29T00:10:39","modified_gmt":"2025-12-29T03:10:39","slug":"una-familia-fue-hospitalizada-tras-el-choque-entre-un-auto-y-una-camioneta-en-la-ruta-nacional-147","status":"publish","type":"post","link":"https:\/\/vecinosdelinterior.com\/index.php\/2025\/12\/28\/una-familia-fue-hospitalizada-tras-el-choque-entre-un-auto-y-una-camioneta-en-la-ruta-nacional-147\/","title":{"rendered":"Una familia fue hospitalizada tras el choque entre un auto y una camioneta en la ruta nacional 147"},"content":{"rendered":"\n<p>Vecinos del Interior Puntano \/ 28 de diciembre<br>Desde la Subcomisar\u00eda 5\u00b0 de La Calera informaron que este domingo 28 de diciembre por la ma\u00f1ana, alrededor de las 10:30, se produjo un accidente de tr\u00e1nsito en la ruta nacional 147, a la altura del kil\u00f3metro 959.<br>Una mujer de 41 a\u00f1os de edad conduc\u00eda de noroeste a sureste un autom\u00f3vil Volkswagen Gol en compa\u00f1\u00eda de su pareja, un hombre de 39 a\u00f1os de edad, y sus dos hijos, un ni\u00f1o 5 a\u00f1os y una ni\u00f1a de 2 a\u00f1os de edad (todos con domicilio en la provincia de Buenos Aires); y en ese sector de la ruta impact\u00f3 con una camioneta Ford Ranger que era conducida por un hombre de 74 a\u00f1os de edad (con domicilio en la provincia de Mendoza).<\/p>\n\n\n\n<figure class=\"wp-block-gallery has-nested-images columns-default is-cropped wp-block-gallery-1 is-layout-flex wp-block-gallery-is-layout-flex\">\n<figure class=\"wp-block-image size-large\"><img fetchpriority=\"high\" decoding=\"async\" width=\"874\" height=\"713\" data-id=\"6008\" src=\"https:\/\/vecinosdelinterior.com\/wp-content\/uploads\/2025\/12\/604786280_734605026356853_4036944212927864359_n.jpg\" alt=\"\" class=\"wp-image-6008\" srcset=\"https:\/\/vecinosdelinterior.com\/wp-content\/uploads\/2025\/12\/604786280_734605026356853_4036944212927864359_n.jpg 874w, https:\/\/vecinosdelinterior.com\/wp-content\/uploads\/2025\/12\/604786280_734605026356853_4036944212927864359_n-300x245.jpg 300w, https:\/\/vecinosdelinterior.com\/wp-content\/uploads\/2025\/12\/604786280_734605026356853_4036944212927864359_n-768x627.jpg 768w, https:\/\/vecinosdelinterior.com\/wp-content\/uploads\/2025\/12\/604786280_734605026356853_4036944212927864359_n-750x612.jpg 750w\" sizes=\"(max-width: 874px) 100vw, 874px\" \/><\/figure>\n\n\n\n<figure class=\"wp-block-image size-large\"><img decoding=\"async\" width=\"900\" height=\"730\" data-id=\"6009\" src=\"https:\/\/vecinosdelinterior.com\/wp-content\/uploads\/2025\/12\/605123970_734604993023523_2642041391425703265_n.jpg\" alt=\"\" class=\"wp-image-6009\" srcset=\"https:\/\/vecinosdelinterior.com\/wp-content\/uploads\/2025\/12\/605123970_734604993023523_2642041391425703265_n.jpg 900w, https:\/\/vecinosdelinterior.com\/wp-content\/uploads\/2025\/12\/605123970_734604993023523_2642041391425703265_n-300x243.jpg 300w, https:\/\/vecinosdelinterior.com\/wp-content\/uploads\/2025\/12\/605123970_734604993023523_2642041391425703265_n-768x623.jpg 768w, https:\/\/vecinosdelinterior.com\/wp-content\/uploads\/2025\/12\/605123970_734604993023523_2642041391425703265_n-750x608.jpg 750w\" sizes=\"(max-width: 900px) 100vw, 900px\" \/><\/figure>\n<\/figure>\n\n\n\n<p><br>De acuerdo a las averiguaciones policiales, la camioneta estaba detenida en la banquina (con sentido noroeste-sureste) y el conductor realiz\u00f3 una maniobra para incorporarse a la ruta sin observar que por la carpeta asf\u00e1ltica ven\u00eda circulando el autom\u00f3vil, lo que provoc\u00f3 la colisi\u00f3n entre ambos veh\u00edculos.<br>Al lugar asisti\u00f3 personal del sistema p\u00fablico de salud provincial, quienes asistieron a todas las personas involucradas en el siniestro vial.<br>Seguidamente, la mujer de 41 a\u00f1os y el hombre de 39 a\u00f1os que viajaban en el autom\u00f3vil fueron trasladados en ambulancia hacia el Hospital Central \u201cDr. Ram\u00f3n Carrillo\u201d de San Luis para recibir atenci\u00f3n m\u00e9dica m\u00e1s compleja; mientras que el ni\u00f1o de 5 a\u00f1os y la ni\u00f1a de 2 a\u00f1os fueron trasladados en otra ambulancia hacia el Hospital Pedi\u00e1trico San Luis, donde quedaron en observaci\u00f3n.<br>El conductor de la camioneta, en tanto, se neg\u00f3 a ser trasladado hacia un centro de salud, firmando en el lugar el acta de conformidad correspondiente.<\/p>\n","protected":false},"excerpt":{"rendered":"<p>Vecinos del Interior Puntano \/ 28 de diciembreDesde la Subcomisar\u00eda 5\u00b0 de La Calera informaron que este domingo 28 de diciembre por la ma\u00f1ana, alrededor de las 10:30, se produjo un accidente de tr\u00e1nsito en la ruta nacional 147, a la altura del kil\u00f3metro 959.Una mujer de 41 a\u00f1os de edad conduc\u00eda de noroeste a [&hellip;]<\/p>\n","protected":false},"author":1,"featured_media":6008,"comment_status":"open","ping_status":"open","sticky":false,"template":"","format":"standard","meta":{"footnotes":""},"categories":[92,294],"tags":[],"class_list":["post-6007","post","type-post","status-publish","format-standard","has-post-thumbnail","hentry","category-belgrano","category-la-calera"],"_links":{"self":[{"href":"https:\/\/vecinosdelinterior.com\/index.php\/wp-json\/wp\/v2\/posts\/6007","targetHints":{"allow":["GET"]}}],"collection":[{"href":"https:\/\/vecinosdelinterior.com\/index.php\/wp-json\/wp\/v2\/posts"}],"about":[{"href":"https:\/\/vecinosdelinterior.com\/index.php\/wp-json\/wp\/v2\/types\/post"}],"author":[{"embeddable":true,"href":"https:\/\/vecinosdelinterior.com\/index.php\/wp-json\/wp\/v2\/users\/1"}],"replies":[{"embeddable":true,"href":"https:\/\/vecinosdelinterior.com\/index.php\/wp-json\/wp\/v2\/comments?post=6007"}],"version-history":[{"count":1,"href":"https:\/\/vecinosdelinterior.com\/index.php\/wp-json\/wp\/v2\/posts\/6007\/revisions"}],"predecessor-version":[{"id":6010,"href":"https:\/\/vecinosdelinterior.com\/index.php\/wp-json\/wp\/v2\/posts\/6007\/revisions\/6010"}],"wp:featuredmedia":[{"embeddable":true,"href":"https:\/\/vecinosdelinterior.com\/index.php\/wp-json\/wp\/v2\/media\/6008"}],"wp:attachment":[{"href":"https:\/\/vecinosdelinterior.com\/index.php\/wp-json\/wp\/v2\/media?parent=6007"}],"wp:term":[{"taxonomy":"category","embeddable":true,"href":"https:\/\/vecinosdelinterior.com\/index.php\/wp-json\/wp\/v2\/categories?post=6007"},{"taxonomy":"post_tag","embeddable":true,"href":"https:\/\/vecinosdelinterior.com\/index.php\/wp-json\/wp\/v2\/tags?post=6007"}],"curies":[{"name":"wp","href":"https:\/\/api.w.org\/{rel}","templated":true}]}}