{"id":601,"date":"2023-09-02T13:28:41","date_gmt":"2023-09-02T16:28:41","guid":{"rendered":"https:\/\/vecinosdelinterior.com\/?p=601"},"modified":"2023-09-02T13:28:41","modified_gmt":"2023-09-02T16:28:41","slug":"lafinur-un-vehiculo-con-pedido-de-secuestro-fue-retenido","status":"publish","type":"post","link":"https:\/\/vecinosdelinterior.com\/index.php\/2023\/09\/02\/lafinur-un-vehiculo-con-pedido-de-secuestro-fue-retenido\/","title":{"rendered":"Lafinur: un veh\u00edculo con pedido de secuestro fue retenido"},"content":{"rendered":"\n<p>Es una Renault Sandero, que era conducido por un hombre de 27 a\u00f1os edad y fue secuestrado en las \u00faltimas horas.<\/p>\n\n\n\n<p>La intervenci\u00f3n policial se llev\u00f3 a cabo en el Puesto Limitrofe N\u00b0 13, Lafinur.<\/p>\n\n\n\n<p>Efectivos de la Direcci\u00f3n General de Polic\u00eda Caminera y Seguridad Vial, realizaban operativo de control vehicular e identificaci\u00f3n de personas. \u00c9stos corroboraron que el rodado ten\u00eda un pedido de secuestro vigente, por el delito de robo, emitido por la Justicia de la Provincia de Mendoza.<\/p>\n\n\n\n<p>El veh\u00edculo qued\u00f3 a disposici\u00f3n de la Unidad de Abordaje Fiscal N\u00b0 2, de la Tercera Circunscripci\u00f3n Judicial, a cargo de la doctora Silvina Ayel\u00e9n Arguello.<\/p>\n\n\n\n<figure class=\"wp-block-image size-large\"><img fetchpriority=\"high\" decoding=\"async\" width=\"1024\" height=\"1024\" src=\"https:\/\/vecinosdelinterior.com\/wp-content\/uploads\/2023\/09\/IMG-20230902-WA0040-1536x1536-1-1024x1024.jpg\" alt=\"\" class=\"wp-image-602\" srcset=\"https:\/\/vecinosdelinterior.com\/wp-content\/uploads\/2023\/09\/IMG-20230902-WA0040-1536x1536-1-1024x1024.jpg 1024w, https:\/\/vecinosdelinterior.com\/wp-content\/uploads\/2023\/09\/IMG-20230902-WA0040-1536x1536-1-300x300.jpg 300w, https:\/\/vecinosdelinterior.com\/wp-content\/uploads\/2023\/09\/IMG-20230902-WA0040-1536x1536-1-150x150.jpg 150w, https:\/\/vecinosdelinterior.com\/wp-content\/uploads\/2023\/09\/IMG-20230902-WA0040-1536x1536-1-768x768.jpg 768w, https:\/\/vecinosdelinterior.com\/wp-content\/uploads\/2023\/09\/IMG-20230902-WA0040-1536x1536-1-75x75.jpg 75w, https:\/\/vecinosdelinterior.com\/wp-content\/uploads\/2023\/09\/IMG-20230902-WA0040-1536x1536-1-750x750.jpg 750w, https:\/\/vecinosdelinterior.com\/wp-content\/uploads\/2023\/09\/IMG-20230902-WA0040-1536x1536-1-1140x1140.jpg 1140w, https:\/\/vecinosdelinterior.com\/wp-content\/uploads\/2023\/09\/IMG-20230902-WA0040-1536x1536-1.jpg 1536w\" sizes=\"(max-width: 1024px) 100vw, 1024px\" \/><\/figure>\n","protected":false},"excerpt":{"rendered":"<p>Es una Renault Sandero, que era conducido por un hombre de 27 a\u00f1os edad y fue secuestrado en las \u00faltimas horas. La intervenci\u00f3n policial se llev\u00f3 a cabo en el Puesto Limitrofe N\u00b0 13, Lafinur. Efectivos de la Direcci\u00f3n General de Polic\u00eda Caminera y Seguridad Vial, realizaban operativo de control vehicular e identificaci\u00f3n de personas. [&hellip;]<\/p>\n","protected":false},"author":1,"featured_media":602,"comment_status":"open","ping_status":"open","sticky":false,"template":"","format":"standard","meta":{"footnotes":""},"categories":[187],"tags":[188,60],"class_list":["post-601","post","type-post","status-publish","format-standard","has-post-thumbnail","hentry","category-lafinur","tag-lafinur","tag-robo"],"_links":{"self":[{"href":"https:\/\/vecinosdelinterior.com\/index.php\/wp-json\/wp\/v2\/posts\/601","targetHints":{"allow":["GET"]}}],"collection":[{"href":"https:\/\/vecinosdelinterior.com\/index.php\/wp-json\/wp\/v2\/posts"}],"about":[{"href":"https:\/\/vecinosdelinterior.com\/index.php\/wp-json\/wp\/v2\/types\/post"}],"author":[{"embeddable":true,"href":"https:\/\/vecinosdelinterior.com\/index.php\/wp-json\/wp\/v2\/users\/1"}],"replies":[{"embeddable":true,"href":"https:\/\/vecinosdelinterior.com\/index.php\/wp-json\/wp\/v2\/comments?post=601"}],"version-history":[{"count":1,"href":"https:\/\/vecinosdelinterior.com\/index.php\/wp-json\/wp\/v2\/posts\/601\/revisions"}],"predecessor-version":[{"id":603,"href":"https:\/\/vecinosdelinterior.com\/index.php\/wp-json\/wp\/v2\/posts\/601\/revisions\/603"}],"wp:featuredmedia":[{"embeddable":true,"href":"https:\/\/vecinosdelinterior.com\/index.php\/wp-json\/wp\/v2\/media\/602"}],"wp:attachment":[{"href":"https:\/\/vecinosdelinterior.com\/index.php\/wp-json\/wp\/v2\/media?parent=601"}],"wp:term":[{"taxonomy":"category","embeddable":true,"href":"https:\/\/vecinosdelinterior.com\/index.php\/wp-json\/wp\/v2\/categories?post=601"},{"taxonomy":"post_tag","embeddable":true,"href":"https:\/\/vecinosdelinterior.com\/index.php\/wp-json\/wp\/v2\/tags?post=601"}],"curies":[{"name":"wp","href":"https:\/\/api.w.org\/{rel}","templated":true}]}}