{"id":6011,"date":"2025-12-28T00:11:00","date_gmt":"2025-12-28T03:11:00","guid":{"rendered":"https:\/\/vecinosdelinterior.com\/?p=6011"},"modified":"2025-12-29T00:13:00","modified_gmt":"2025-12-29T03:13:00","slug":"villa-larca-comienza-el-ano-nuevo-con-el-17-festival-de-los-artesanos","status":"publish","type":"post","link":"https:\/\/vecinosdelinterior.com\/index.php\/2025\/12\/28\/villa-larca-comienza-el-ano-nuevo-con-el-17-festival-de-los-artesanos\/","title":{"rendered":"Villa Larca comienza el a\u00f1o nuevo con el 17\u00b0 Festival de los Artesanos"},"content":{"rendered":"\n<p>VECINOSDELINTERIOR.COM \/ 28 DE DICIEMBRE<br>Se trata de un encuentro que impulsa la cultura y el turismo regional. La festividad se ha convertido en un cl\u00e1sico del calendario cultural del norte sanluise\u00f1o y, en su 17\u00b0 edici\u00f3n, reafirma su valor como motor tur\u00edstico, cultural y social para toda la regi\u00f3n.<br>El evento ser\u00e1 el 3 de enero en el Polideportivo Municipal, donde vecinos y visitantes podr\u00e1n disfrutar de una noche a puro folclore, danza y tradici\u00f3n. Con entrada gratuita hasta las 00:00, el festival se presenta como una propuesta accesible e inclusiva, pensada para que familias, turistas y amantes de la cultura popular puedan compartir una experiencia aut\u00e9ntica.<\/p>\n\n\n\n<figure class=\"wp-block-image size-full\"><img fetchpriority=\"high\" decoding=\"async\" width=\"488\" height=\"590\" src=\"https:\/\/vecinosdelinterior.com\/wp-content\/uploads\/2025\/12\/605723879_734559833028039_8461678494908731322_n.jpg\" alt=\"\" class=\"wp-image-6012\" srcset=\"https:\/\/vecinosdelinterior.com\/wp-content\/uploads\/2025\/12\/605723879_734559833028039_8461678494908731322_n.jpg 488w, https:\/\/vecinosdelinterior.com\/wp-content\/uploads\/2025\/12\/605723879_734559833028039_8461678494908731322_n-248x300.jpg 248w\" sizes=\"(max-width: 488px) 100vw, 488px\" \/><\/figure>\n\n\n\n<p><br>El escenario contar\u00e1 con la participaci\u00f3n destacada del Ballet \u2018Ra\u00edces de Larca\u2019, el Ballet de Danzas Folcl\u00f3ricas \u2018Inti Quinya\u2019 y el grupo de Danzas Folcl\u00f3ricas Larquenses. Tales conjuntos art\u00edstico pondr\u00e1n en valor las expresiones locales y regionales, fortaleciendo la identidad cultural de la localidad.<br>En cuanto a la m\u00fasica, la grilla de artistas confirmados promete una velada de gran nivel. Marquitos Tobares, Tradici\u00f3n Chamamecera, Folklorex4 y La Monada presentar\u00e1n una propuesta que combinar\u00e1 folclore, chamam\u00e9 y ritmos populares, atrayendo a p\u00fablicos diversos y generando un fuerte poder de convocatoria.<br>M\u00e1s all\u00e1 del espect\u00e1culo art\u00edstico, el Festival de los Artesanos tiene una profunda trascendencia tur\u00edstica. Cada edici\u00f3n convoca a visitantes de localidades vecinas y de otras provincias, generando movimiento en la gastronom\u00eda, el comercio y los servicios tur\u00edsticos de Villa Larca. Al mismo tiempo, brinda un espacio fundamental para la difusi\u00f3n del trabajo artesanal, promoviendo la econom\u00eda local y el reconocimiento de los saberes tradicionales.<br>El acompa\u00f1amiento del Gobierno de la provincia de San Luis, a trav\u00e9s del ministerio de Turismo y Cultura, y el programa \u201950 Festivales de San Luis\u2019 refuerzan la importancia estrat\u00e9gica del evento como herramienta de promoci\u00f3n cultural y tur\u00edstica.<br>Con diecisiete a\u00f1os de historia, el Festival de los Artesanos no solo celebra la m\u00fasica y la danza, sino que tambi\u00e9n consolida a Villa Larca como un destino que apuesta por sus ra\u00edces, su identidad y su potencial tur\u00edstico, proyect\u00e1ndose como punto de encuentro cultural clave para toda la regi\u00f3n.<\/p>\n","protected":false},"excerpt":{"rendered":"<p>VECINOSDELINTERIOR.COM \/ 28 DE DICIEMBRESe trata de un encuentro que impulsa la cultura y el turismo regional. La festividad se ha convertido en un cl\u00e1sico del calendario cultural del norte sanluise\u00f1o y, en su 17\u00b0 edici\u00f3n, reafirma su valor como motor tur\u00edstico, cultural y social para toda la regi\u00f3n.El evento ser\u00e1 el 3 de enero [&hellip;]<\/p>\n","protected":false},"author":1,"featured_media":6013,"comment_status":"open","ping_status":"open","sticky":false,"template":"","format":"standard","meta":{"footnotes":""},"categories":[29,89],"tags":[333],"class_list":["post-6011","post","type-post","status-publish","format-standard","has-post-thumbnail","hentry","category-chacabuco","category-villa-larca","tag-festivales"],"_links":{"self":[{"href":"https:\/\/vecinosdelinterior.com\/index.php\/wp-json\/wp\/v2\/posts\/6011","targetHints":{"allow":["GET"]}}],"collection":[{"href":"https:\/\/vecinosdelinterior.com\/index.php\/wp-json\/wp\/v2\/posts"}],"about":[{"href":"https:\/\/vecinosdelinterior.com\/index.php\/wp-json\/wp\/v2\/types\/post"}],"author":[{"embeddable":true,"href":"https:\/\/vecinosdelinterior.com\/index.php\/wp-json\/wp\/v2\/users\/1"}],"replies":[{"embeddable":true,"href":"https:\/\/vecinosdelinterior.com\/index.php\/wp-json\/wp\/v2\/comments?post=6011"}],"version-history":[{"count":1,"href":"https:\/\/vecinosdelinterior.com\/index.php\/wp-json\/wp\/v2\/posts\/6011\/revisions"}],"predecessor-version":[{"id":6014,"href":"https:\/\/vecinosdelinterior.com\/index.php\/wp-json\/wp\/v2\/posts\/6011\/revisions\/6014"}],"wp:featuredmedia":[{"embeddable":true,"href":"https:\/\/vecinosdelinterior.com\/index.php\/wp-json\/wp\/v2\/media\/6013"}],"wp:attachment":[{"href":"https:\/\/vecinosdelinterior.com\/index.php\/wp-json\/wp\/v2\/media?parent=6011"}],"wp:term":[{"taxonomy":"category","embeddable":true,"href":"https:\/\/vecinosdelinterior.com\/index.php\/wp-json\/wp\/v2\/categories?post=6011"},{"taxonomy":"post_tag","embeddable":true,"href":"https:\/\/vecinosdelinterior.com\/index.php\/wp-json\/wp\/v2\/tags?post=6011"}],"curies":[{"name":"wp","href":"https:\/\/api.w.org\/{rel}","templated":true}]}}