{"id":6030,"date":"2026-01-04T12:58:58","date_gmt":"2026-01-04T15:58:58","guid":{"rendered":"https:\/\/vecinosdelinterior.com\/?p=6030"},"modified":"2026-01-05T13:00:20","modified_gmt":"2026-01-05T16:00:20","slug":"treinta-y-seis-anos-del-festival-provincial-de-la-alfalfa-emblema-cultural-del-norte-puntano","status":"publish","type":"post","link":"https:\/\/vecinosdelinterior.com\/index.php\/2026\/01\/04\/treinta-y-seis-anos-del-festival-provincial-de-la-alfalfa-emblema-cultural-del-norte-puntano\/","title":{"rendered":"Treinta y seis a\u00f1os del Festival Provincial de la Alfalfa, emblema cultural del norte puntano"},"content":{"rendered":"\n<p>VECINOSDELINTERIOR.COM \/ 04 DE ENERO<br>Con una importante grilla que incluye artistas locales, provinciales y nacionales, el encuentro, que ser\u00e1 el viernes 24 de enero en el Polideportivo Municipal, celebra la identidad y la tradici\u00f3n.<br>Lafinur, la localidad del departamento Jun\u00edn, vivir\u00e1 una nueva edici\u00f3n de su celebraci\u00f3n m\u00e1s representativa: el Festival Provincial de la Alfalfa, que este a\u00f1o cumple 36 a\u00f1os de historia y tradici\u00f3n, consolid\u00e1ndose como el evento cultural m\u00e1s importante del norte puntano.<br>La cita ser\u00e1, el viernes 24 de enero en el Polideportivo Municipal, con entradas populares para que toda la comunidad y los visitantes puedan ser parte de esta gran fiesta.<br>El festival no solo propone una noche de m\u00fasica y danza, sino que pone en valor la identidad local y el trabajo del sector productivo, destacando a la alfalfa como s\u00edmbolo del esfuerzo rural, la econom\u00eda regional y la cultura del interior provincial. A lo largo de m\u00e1s de tres d\u00e9cadas, este encuentro se ha transformado en un espacio de reconocimiento a las ra\u00edces y tradiciones que definen a Lafinur y a toda la regi\u00f3n.<br>La grilla art\u00edstica contar\u00e1 con las presentaciones de: Grupo Sentires, Los Hermanos Lucero, Sentimiento Nuevo, Sele Vera y Los Pampa, adem\u00e1s del baile de Sim\u00f3n Aguirre, quienes ofrecer\u00e1n un espect\u00e1culo que conjuga m\u00fasica popular, folclore y danza, en un clima de encuentro familiar y celebraci\u00f3n comunitaria.<br>El Festival Provincial de la Alfalfa se ha convertido, adem\u00e1s, en un atractivo tur\u00edstico clave, convocando a\u00f1o tras a\u00f1o a visitantes de distintas localidades de San Luis y provincias vecinas.<br>La municipalidad de Lafinur invita a vecinos y turistas a sumarse a esta fiesta popular que celebra la producci\u00f3n, la cultura y la identidad del norte sanluise\u00f1o, reafirmando el valor de los festivales como motores de integraci\u00f3n social y desarrollo tur\u00edstico regional.<\/p>\n\n\n\n<figure class=\"wp-block-image size-full\"><img fetchpriority=\"high\" decoding=\"async\" width=\"512\" height=\"640\" src=\"https:\/\/vecinosdelinterior.com\/wp-content\/uploads\/2026\/01\/608129145_739501225867233_1665219707155479364_n.jpg\" alt=\"\" class=\"wp-image-6031\" srcset=\"https:\/\/vecinosdelinterior.com\/wp-content\/uploads\/2026\/01\/608129145_739501225867233_1665219707155479364_n.jpg 512w, https:\/\/vecinosdelinterior.com\/wp-content\/uploads\/2026\/01\/608129145_739501225867233_1665219707155479364_n-240x300.jpg 240w\" sizes=\"(max-width: 512px) 100vw, 512px\" \/><\/figure>\n","protected":false},"excerpt":{"rendered":"<p>VECINOSDELINTERIOR.COM \/ 04 DE ENEROCon una importante grilla que incluye artistas locales, provinciales y nacionales, el encuentro, que ser\u00e1 el viernes 24 de enero en el Polideportivo Municipal, celebra la identidad y la tradici\u00f3n.Lafinur, la localidad del departamento Jun\u00edn, vivir\u00e1 una nueva edici\u00f3n de su celebraci\u00f3n m\u00e1s representativa: el Festival Provincial de la Alfalfa, que [&hellip;]<\/p>\n","protected":false},"author":1,"featured_media":6031,"comment_status":"open","ping_status":"open","sticky":false,"template":"","format":"standard","meta":{"footnotes":""},"categories":[23,187],"tags":[333],"class_list":["post-6030","post","type-post","status-publish","format-standard","has-post-thumbnail","hentry","category-junin","category-lafinur","tag-festivales"],"_links":{"self":[{"href":"https:\/\/vecinosdelinterior.com\/index.php\/wp-json\/wp\/v2\/posts\/6030","targetHints":{"allow":["GET"]}}],"collection":[{"href":"https:\/\/vecinosdelinterior.com\/index.php\/wp-json\/wp\/v2\/posts"}],"about":[{"href":"https:\/\/vecinosdelinterior.com\/index.php\/wp-json\/wp\/v2\/types\/post"}],"author":[{"embeddable":true,"href":"https:\/\/vecinosdelinterior.com\/index.php\/wp-json\/wp\/v2\/users\/1"}],"replies":[{"embeddable":true,"href":"https:\/\/vecinosdelinterior.com\/index.php\/wp-json\/wp\/v2\/comments?post=6030"}],"version-history":[{"count":1,"href":"https:\/\/vecinosdelinterior.com\/index.php\/wp-json\/wp\/v2\/posts\/6030\/revisions"}],"predecessor-version":[{"id":6032,"href":"https:\/\/vecinosdelinterior.com\/index.php\/wp-json\/wp\/v2\/posts\/6030\/revisions\/6032"}],"wp:featuredmedia":[{"embeddable":true,"href":"https:\/\/vecinosdelinterior.com\/index.php\/wp-json\/wp\/v2\/media\/6031"}],"wp:attachment":[{"href":"https:\/\/vecinosdelinterior.com\/index.php\/wp-json\/wp\/v2\/media?parent=6030"}],"wp:term":[{"taxonomy":"category","embeddable":true,"href":"https:\/\/vecinosdelinterior.com\/index.php\/wp-json\/wp\/v2\/categories?post=6030"},{"taxonomy":"post_tag","embeddable":true,"href":"https:\/\/vecinosdelinterior.com\/index.php\/wp-json\/wp\/v2\/tags?post=6030"}],"curies":[{"name":"wp","href":"https:\/\/api.w.org\/{rel}","templated":true}]}}