{"id":6036,"date":"2026-01-02T13:01:32","date_gmt":"2026-01-02T16:01:32","guid":{"rendered":"https:\/\/vecinosdelinterior.com\/?p=6036"},"modified":"2026-01-05T13:02:46","modified_gmt":"2026-01-05T16:02:46","slug":"arrearon-a-133-caballos-rescatados-del-maltrato","status":"publish","type":"post","link":"https:\/\/vecinosdelinterior.com\/index.php\/2026\/01\/02\/arrearon-a-133-caballos-rescatados-del-maltrato\/","title":{"rendered":"Arrearon a 133 caballos rescatados del maltrato"},"content":{"rendered":"\n<p>VECINOSDELINTERIOR.COM \/ 02 DE ENERO<br>Un operativo tan inusual como conmovedor se desarroll\u00f3 en la madrugada del 28 de diciembre en los caminos rurales de Castelli, provincia de Buenos Aires. A las tres de la ma\u00f1ana, mientras el pueblo dorm\u00eda, el sonido acompasado de los cascos rompi\u00f3 el silencio: 133 caballos rescatados del maltrato avanzaban en arreo durante m\u00e1s de 30 kil\u00f3metros, guiados por un reducido grupo de arrieros. El objetivo era claro: dejar atr\u00e1s a\u00f1os de abandono y comenzar una nueva etapa de cuidado y protecci\u00f3n.<br>El traslado parti\u00f3 desde el establecimiento La Nicolasa con destino final en la localidad de Pila, y requiri\u00f3 una compleja combinaci\u00f3n de log\u00edstica, conocimiento del campo y compromiso humano. Los animales se encuentran bajo la tutela de la Asociaci\u00f3n contra el Maltrato Animal (ACMA), ONG que desde hace 15 a\u00f1os act\u00faa como depositaria judicial en causas de violencia animal. La tropa hab\u00eda pasado siete a\u00f1os en Baradero y los \u00faltimos tres en Castelli, pero la venta del campo y el deterioro en las condiciones de cuidado \u2014con lesiones y signos evidentes de abandono\u2014 obligaron a la organizaci\u00f3n a buscar un nuevo destino.<br>Ante la imposibilidad de ingresar camiones por el mal estado de los caminos internos, la \u00fanica alternativa fue el arreo hasta la feria de la Sociedad Rural de Castelli, donde los caballos llegaron cerca de las ocho de la ma\u00f1ana tras paradas estrat\u00e9gicas para hidratarse y mitigar el impacto del calor y del terreno hostil. El operativo estuvo encabezado por el arriero Hugo Ferre, conocedor de la tropa desde a\u00f1os atr\u00e1s, un factor clave para el \u00e9xito del traslado. Luego de ser cargados en cinco camiones, los animales recorrieron otros 40 kil\u00f3metros hasta el campo alquilado por ACMA en Pila, cerrando una escena poco habitual que, registrada en videos y fotograf\u00edas, no tard\u00f3 en viralizarse como s\u00edmbolo de rescate, perseverancia y trabajo silencioso en defensa de los animales.<\/p>\n\n\n\n<figure class=\"wp-block-gallery has-nested-images columns-default is-cropped wp-block-gallery-1 is-layout-flex wp-block-gallery-is-layout-flex\">\n<figure class=\"wp-block-image size-large\"><img fetchpriority=\"high\" decoding=\"async\" width=\"811\" height=\"437\" data-id=\"6038\" src=\"https:\/\/vecinosdelinterior.com\/wp-content\/uploads\/2026\/01\/607624671_738162059334483_7745901596242177794_n.jpg\" alt=\"\" class=\"wp-image-6038\" srcset=\"https:\/\/vecinosdelinterior.com\/wp-content\/uploads\/2026\/01\/607624671_738162059334483_7745901596242177794_n.jpg 811w, https:\/\/vecinosdelinterior.com\/wp-content\/uploads\/2026\/01\/607624671_738162059334483_7745901596242177794_n-300x162.jpg 300w, https:\/\/vecinosdelinterior.com\/wp-content\/uploads\/2026\/01\/607624671_738162059334483_7745901596242177794_n-768x414.jpg 768w, https:\/\/vecinosdelinterior.com\/wp-content\/uploads\/2026\/01\/607624671_738162059334483_7745901596242177794_n-750x404.jpg 750w\" sizes=\"(max-width: 811px) 100vw, 811px\" \/><\/figure>\n\n\n\n<figure class=\"wp-block-image size-large\"><img decoding=\"async\" width=\"705\" height=\"418\" data-id=\"6037\" src=\"https:\/\/vecinosdelinterior.com\/wp-content\/uploads\/2026\/01\/608878009_738162069334482_3433324549506009868_n.jpg\" alt=\"\" class=\"wp-image-6037\" srcset=\"https:\/\/vecinosdelinterior.com\/wp-content\/uploads\/2026\/01\/608878009_738162069334482_3433324549506009868_n.jpg 705w, https:\/\/vecinosdelinterior.com\/wp-content\/uploads\/2026\/01\/608878009_738162069334482_3433324549506009868_n-300x178.jpg 300w\" sizes=\"(max-width: 705px) 100vw, 705px\" \/><\/figure>\n<\/figure>\n","protected":false},"excerpt":{"rendered":"<p>VECINOSDELINTERIOR.COM \/ 02 DE ENEROUn operativo tan inusual como conmovedor se desarroll\u00f3 en la madrugada del 28 de diciembre en los caminos rurales de Castelli, provincia de Buenos Aires. A las tres de la ma\u00f1ana, mientras el pueblo dorm\u00eda, el sonido acompasado de los cascos rompi\u00f3 el silencio: 133 caballos rescatados del maltrato avanzaban en [&hellip;]<\/p>\n","protected":false},"author":1,"featured_media":6038,"comment_status":"open","ping_status":"open","sticky":false,"template":"","format":"standard","meta":{"footnotes":""},"categories":[80],"tags":[],"class_list":["post-6036","post","type-post","status-publish","format-standard","has-post-thumbnail","hentry","category-general"],"_links":{"self":[{"href":"https:\/\/vecinosdelinterior.com\/index.php\/wp-json\/wp\/v2\/posts\/6036","targetHints":{"allow":["GET"]}}],"collection":[{"href":"https:\/\/vecinosdelinterior.com\/index.php\/wp-json\/wp\/v2\/posts"}],"about":[{"href":"https:\/\/vecinosdelinterior.com\/index.php\/wp-json\/wp\/v2\/types\/post"}],"author":[{"embeddable":true,"href":"https:\/\/vecinosdelinterior.com\/index.php\/wp-json\/wp\/v2\/users\/1"}],"replies":[{"embeddable":true,"href":"https:\/\/vecinosdelinterior.com\/index.php\/wp-json\/wp\/v2\/comments?post=6036"}],"version-history":[{"count":1,"href":"https:\/\/vecinosdelinterior.com\/index.php\/wp-json\/wp\/v2\/posts\/6036\/revisions"}],"predecessor-version":[{"id":6039,"href":"https:\/\/vecinosdelinterior.com\/index.php\/wp-json\/wp\/v2\/posts\/6036\/revisions\/6039"}],"wp:featuredmedia":[{"embeddable":true,"href":"https:\/\/vecinosdelinterior.com\/index.php\/wp-json\/wp\/v2\/media\/6038"}],"wp:attachment":[{"href":"https:\/\/vecinosdelinterior.com\/index.php\/wp-json\/wp\/v2\/media?parent=6036"}],"wp:term":[{"taxonomy":"category","embeddable":true,"href":"https:\/\/vecinosdelinterior.com\/index.php\/wp-json\/wp\/v2\/categories?post=6036"},{"taxonomy":"post_tag","embeddable":true,"href":"https:\/\/vecinosdelinterior.com\/index.php\/wp-json\/wp\/v2\/tags?post=6036"}],"curies":[{"name":"wp","href":"https:\/\/api.w.org\/{rel}","templated":true}]}}