{"id":6040,"date":"2026-01-05T13:05:35","date_gmt":"2026-01-05T16:05:35","guid":{"rendered":"https:\/\/vecinosdelinterior.com\/?p=6040"},"modified":"2026-01-05T13:05:36","modified_gmt":"2026-01-05T16:05:36","slug":"la-municipalidad-de-buena-esperanza-amplia-su-parque-automotor-con-una-pala-cargadora-0-km","status":"publish","type":"post","link":"https:\/\/vecinosdelinterior.com\/index.php\/2026\/01\/05\/la-municipalidad-de-buena-esperanza-amplia-su-parque-automotor-con-una-pala-cargadora-0-km\/","title":{"rendered":"La Municipalidad de Buena Esperanza ampl\u00eda su parque automotor con una pala cargadora 0 km"},"content":{"rendered":"\n<p><\/p>\n\n\n\n<p>La Municipalidad de Buena Esperanza incorpor\u00f3 una pala cargadora frontal 0 kil\u00f3metro, una inversi\u00f3n estrat\u00e9gica realizada con fondos propios, que marca un hito al inicio del a\u00f1o y refuerza el compromiso de la gesti\u00f3n con la mejora continua de los servicios p\u00fablicos.<\/p>\n\n\n\n<p>Esta nueva maquinaria permitir\u00e1 optimizar las tareas de mantenimiento en toda la localidad, as\u00ed como tambi\u00e9n fortalecer el trabajo que se realiza en el basurero municipal, mejorando la capacidad operativa del Municipio y la respuesta ante las necesidades cotidianas de la comunidad.<\/p>\n\n\n\n<figure class=\"wp-block-gallery has-nested-images columns-default is-cropped wp-block-gallery-1 is-layout-flex wp-block-gallery-is-layout-flex\">\n<figure class=\"wp-block-image size-large\"><img fetchpriority=\"high\" decoding=\"async\" width=\"1024\" height=\"768\" data-id=\"6041\" src=\"https:\/\/vecinosdelinterior.com\/wp-content\/uploads\/2026\/01\/WhatsApp-Image-2026-01-05-at-12.47.30-PM-1024x768.jpeg\" alt=\"\" class=\"wp-image-6041\" srcset=\"https:\/\/vecinosdelinterior.com\/wp-content\/uploads\/2026\/01\/WhatsApp-Image-2026-01-05-at-12.47.30-PM-1024x768.jpeg 1024w, https:\/\/vecinosdelinterior.com\/wp-content\/uploads\/2026\/01\/WhatsApp-Image-2026-01-05-at-12.47.30-PM-300x225.jpeg 300w, https:\/\/vecinosdelinterior.com\/wp-content\/uploads\/2026\/01\/WhatsApp-Image-2026-01-05-at-12.47.30-PM-768x576.jpeg 768w, https:\/\/vecinosdelinterior.com\/wp-content\/uploads\/2026\/01\/WhatsApp-Image-2026-01-05-at-12.47.30-PM-1536x1152.jpeg 1536w, https:\/\/vecinosdelinterior.com\/wp-content\/uploads\/2026\/01\/WhatsApp-Image-2026-01-05-at-12.47.30-PM-750x563.jpeg 750w, https:\/\/vecinosdelinterior.com\/wp-content\/uploads\/2026\/01\/WhatsApp-Image-2026-01-05-at-12.47.30-PM-1140x855.jpeg 1140w, https:\/\/vecinosdelinterior.com\/wp-content\/uploads\/2026\/01\/WhatsApp-Image-2026-01-05-at-12.47.30-PM.jpeg 1600w\" sizes=\"(max-width: 1024px) 100vw, 1024px\" \/><\/figure>\n\n\n\n<figure class=\"wp-block-image size-large\"><img decoding=\"async\" width=\"768\" height=\"1024\" data-id=\"6042\" src=\"https:\/\/vecinosdelinterior.com\/wp-content\/uploads\/2026\/01\/WhatsApp-Image-2026-01-05-at-12.47.31-PM-1-768x1024.jpeg\" alt=\"\" class=\"wp-image-6042\" srcset=\"https:\/\/vecinosdelinterior.com\/wp-content\/uploads\/2026\/01\/WhatsApp-Image-2026-01-05-at-12.47.31-PM-1-768x1024.jpeg 768w, https:\/\/vecinosdelinterior.com\/wp-content\/uploads\/2026\/01\/WhatsApp-Image-2026-01-05-at-12.47.31-PM-1-225x300.jpeg 225w, https:\/\/vecinosdelinterior.com\/wp-content\/uploads\/2026\/01\/WhatsApp-Image-2026-01-05-at-12.47.31-PM-1-1152x1536.jpeg 1152w, https:\/\/vecinosdelinterior.com\/wp-content\/uploads\/2026\/01\/WhatsApp-Image-2026-01-05-at-12.47.31-PM-1-750x1000.jpeg 750w, https:\/\/vecinosdelinterior.com\/wp-content\/uploads\/2026\/01\/WhatsApp-Image-2026-01-05-at-12.47.31-PM-1-1140x1520.jpeg 1140w, https:\/\/vecinosdelinterior.com\/wp-content\/uploads\/2026\/01\/WhatsApp-Image-2026-01-05-at-12.47.31-PM-1.jpeg 1200w\" sizes=\"(max-width: 768px) 100vw, 768px\" \/><\/figure>\n<\/figure>\n\n\n\n<p>La adquisici\u00f3n fue posible gracias a una correcta administraci\u00f3n de los recursos, una planificaci\u00f3n responsable y al compromiso de los contribuyentes, cuyo cumplimiento en el pago de los impuestos se traduce directamente en obras, equipamiento y mejoras concretas que quedan para el pueblo.<\/p>\n\n\n\n<p>Desde el Ejecutivo municipal destacaron que esta incorporaci\u00f3n no solo implica una mejora en la infraestructura y en los servicios, sino tambi\u00e9n una mejor calidad en los espacios de trabajo para los empleados municipales, brind\u00e1ndoles herramientas adecuadas y seguras para el desarrollo de sus tareas.<\/p>\n\n\n\n<p>Al respecto, la intendenta Sof\u00eda Larroud\u00e9, expres\u00f3:<\/p>\n\n\n\n<p>\u201cEste es un logro muy importante para nuestra gesti\u00f3n y para toda la comunidad. En un contexto complejo, seguimos avanzando con responsabilidad, sin dejar de invertir en infraestructura y en aquello que mejora la calidad de vida de nuestros vecinos. Esta maquinaria queda para el pueblo y trasciende en el tiempo.\u201d<\/p>\n\n\n\n<p>La ampliaci\u00f3n del parque automotor municipal con maquinaria nueva y moderna reafirma una gesti\u00f3n presente, eficiente y comprometida, que contin\u00faa trabajando para fortalecer los servicios p\u00fablicos y acompa\u00f1ar el crecimiento de Buena Esperanza, incluso en escenarios econ\u00f3micos dif\u00edciles.<\/p>\n","protected":false},"excerpt":{"rendered":"<p>La Municipalidad de Buena Esperanza incorpor\u00f3 una pala cargadora frontal 0 kil\u00f3metro, una inversi\u00f3n estrat\u00e9gica realizada con fondos propios, que marca un hito al inicio del a\u00f1o y refuerza el compromiso de la gesti\u00f3n con la mejora continua de los servicios p\u00fablicos. Esta nueva maquinaria permitir\u00e1 optimizar las tareas de mantenimiento en toda la localidad, [&hellip;]<\/p>\n","protected":false},"author":1,"featured_media":6041,"comment_status":"open","ping_status":"open","sticky":false,"template":"","format":"standard","meta":{"footnotes":""},"categories":[18,16],"tags":[177],"class_list":["post-6040","post","type-post","status-publish","format-standard","has-post-thumbnail","hentry","category-buena-esperanza-dupuy","category-dupuy","tag-gestiones-destacadas"],"_links":{"self":[{"href":"https:\/\/vecinosdelinterior.com\/index.php\/wp-json\/wp\/v2\/posts\/6040","targetHints":{"allow":["GET"]}}],"collection":[{"href":"https:\/\/vecinosdelinterior.com\/index.php\/wp-json\/wp\/v2\/posts"}],"about":[{"href":"https:\/\/vecinosdelinterior.com\/index.php\/wp-json\/wp\/v2\/types\/post"}],"author":[{"embeddable":true,"href":"https:\/\/vecinosdelinterior.com\/index.php\/wp-json\/wp\/v2\/users\/1"}],"replies":[{"embeddable":true,"href":"https:\/\/vecinosdelinterior.com\/index.php\/wp-json\/wp\/v2\/comments?post=6040"}],"version-history":[{"count":1,"href":"https:\/\/vecinosdelinterior.com\/index.php\/wp-json\/wp\/v2\/posts\/6040\/revisions"}],"predecessor-version":[{"id":6043,"href":"https:\/\/vecinosdelinterior.com\/index.php\/wp-json\/wp\/v2\/posts\/6040\/revisions\/6043"}],"wp:featuredmedia":[{"embeddable":true,"href":"https:\/\/vecinosdelinterior.com\/index.php\/wp-json\/wp\/v2\/media\/6041"}],"wp:attachment":[{"href":"https:\/\/vecinosdelinterior.com\/index.php\/wp-json\/wp\/v2\/media?parent=6040"}],"wp:term":[{"taxonomy":"category","embeddable":true,"href":"https:\/\/vecinosdelinterior.com\/index.php\/wp-json\/wp\/v2\/categories?post=6040"},{"taxonomy":"post_tag","embeddable":true,"href":"https:\/\/vecinosdelinterior.com\/index.php\/wp-json\/wp\/v2\/tags?post=6040"}],"curies":[{"name":"wp","href":"https:\/\/api.w.org\/{rel}","templated":true}]}}