{"id":6058,"date":"2026-01-08T13:13:27","date_gmt":"2026-01-08T16:13:27","guid":{"rendered":"https:\/\/vecinosdelinterior.com\/?p=6058"},"modified":"2026-01-09T13:14:56","modified_gmt":"2026-01-09T16:14:56","slug":"quedo-suspendida-la-edicion-25-del-festival-del-turismo-de-la-costa-de-los-comechingones","status":"publish","type":"post","link":"https:\/\/vecinosdelinterior.com\/index.php\/2026\/01\/08\/quedo-suspendida-la-edicion-25-del-festival-del-turismo-de-la-costa-de-los-comechingones\/","title":{"rendered":"Qued\u00f3 suspendida la edici\u00f3n 25\u00b0 del Festival del Turismo de la Costa de los Comechingones"},"content":{"rendered":"\n<p>VECINOSDELINTERIOR.COM \/ 09 DE ENERO<br>Informaron que la edici\u00f3n 25\u00b0 del Festival del Turismo de la Costa de los Comechingones, que estaba prevista que inicie este viernes por la noche en la localidad de Cortaderas, qued\u00f3 suspendida por razones clim\u00e1ticas.<br>\u201cEl 25\u00b0 Festival se reprogramar\u00e1 para los pr\u00f3ximos d\u00edas. \u00a1Nos vemos pronto!\u201d, aseguraron de la organizaci\u00f3n en un comunicado que fue lanzado este viernes por la ma\u00f1ana por las redes sociales<\/p>\n\n\n\n<figure class=\"wp-block-image size-full\"><img fetchpriority=\"high\" decoding=\"async\" width=\"736\" height=\"902\" src=\"https:\/\/vecinosdelinterior.com\/wp-content\/uploads\/2026\/01\/WhatsApp-Image-2026-01-09-at-08.18.25-e1767964088981.jpeg\" alt=\"\" class=\"wp-image-6059\" srcset=\"https:\/\/vecinosdelinterior.com\/wp-content\/uploads\/2026\/01\/WhatsApp-Image-2026-01-09-at-08.18.25-e1767964088981.jpeg 736w, https:\/\/vecinosdelinterior.com\/wp-content\/uploads\/2026\/01\/WhatsApp-Image-2026-01-09-at-08.18.25-e1767964088981-245x300.jpeg 245w\" sizes=\"(max-width: 736px) 100vw, 736px\" \/><\/figure>\n","protected":false},"excerpt":{"rendered":"<p>VECINOSDELINTERIOR.COM \/ 09 DE ENEROInformaron que la edici\u00f3n 25\u00b0 del Festival del Turismo de la Costa de los Comechingones, que estaba prevista que inicie este viernes por la noche en la localidad de Cortaderas, qued\u00f3 suspendida por razones clim\u00e1ticas.\u201cEl 25\u00b0 Festival se reprogramar\u00e1 para los pr\u00f3ximos d\u00edas. \u00a1Nos vemos pronto!\u201d, aseguraron de la organizaci\u00f3n en [&hellip;]<\/p>\n","protected":false},"author":1,"featured_media":6059,"comment_status":"open","ping_status":"open","sticky":false,"template":"","format":"standard","meta":{"footnotes":""},"categories":[29,275],"tags":[333],"class_list":["post-6058","post","type-post","status-publish","format-standard","has-post-thumbnail","hentry","category-chacabuco","category-cortaderas","tag-festivales"],"_links":{"self":[{"href":"https:\/\/vecinosdelinterior.com\/index.php\/wp-json\/wp\/v2\/posts\/6058","targetHints":{"allow":["GET"]}}],"collection":[{"href":"https:\/\/vecinosdelinterior.com\/index.php\/wp-json\/wp\/v2\/posts"}],"about":[{"href":"https:\/\/vecinosdelinterior.com\/index.php\/wp-json\/wp\/v2\/types\/post"}],"author":[{"embeddable":true,"href":"https:\/\/vecinosdelinterior.com\/index.php\/wp-json\/wp\/v2\/users\/1"}],"replies":[{"embeddable":true,"href":"https:\/\/vecinosdelinterior.com\/index.php\/wp-json\/wp\/v2\/comments?post=6058"}],"version-history":[{"count":1,"href":"https:\/\/vecinosdelinterior.com\/index.php\/wp-json\/wp\/v2\/posts\/6058\/revisions"}],"predecessor-version":[{"id":6060,"href":"https:\/\/vecinosdelinterior.com\/index.php\/wp-json\/wp\/v2\/posts\/6058\/revisions\/6060"}],"wp:featuredmedia":[{"embeddable":true,"href":"https:\/\/vecinosdelinterior.com\/index.php\/wp-json\/wp\/v2\/media\/6059"}],"wp:attachment":[{"href":"https:\/\/vecinosdelinterior.com\/index.php\/wp-json\/wp\/v2\/media?parent=6058"}],"wp:term":[{"taxonomy":"category","embeddable":true,"href":"https:\/\/vecinosdelinterior.com\/index.php\/wp-json\/wp\/v2\/categories?post=6058"},{"taxonomy":"post_tag","embeddable":true,"href":"https:\/\/vecinosdelinterior.com\/index.php\/wp-json\/wp\/v2\/tags?post=6058"}],"curies":[{"name":"wp","href":"https:\/\/api.w.org\/{rel}","templated":true}]}}