{"id":6061,"date":"2026-01-07T13:15:10","date_gmt":"2026-01-07T16:15:10","guid":{"rendered":"https:\/\/vecinosdelinterior.com\/?p=6061"},"modified":"2026-01-09T13:16:46","modified_gmt":"2026-01-09T16:16:46","slug":"la-emision-de-cipe-tendra-nuevos-horarios-durante-el-verano","status":"publish","type":"post","link":"https:\/\/vecinosdelinterior.com\/index.php\/2026\/01\/07\/la-emision-de-cipe-tendra-nuevos-horarios-durante-el-verano\/","title":{"rendered":"La emisi\u00f3n de CIPE tendr\u00e1 nuevos horarios durante el verano"},"content":{"rendered":"\n<p>VECINOSDELINTERIOR.COM \/ 07 DE ENERO<br>La medida es para ajustar la atenci\u00f3n con los municipios que cuentan con oficinas habilitadas para la tramitaci\u00f3n.<br>En el contexto de la temporada de verano y el receso administrativo en algunas dependencias, las oficinas de la C\u00e9dula de Identidad Provincial Electr\u00f3nica (CIPE) dispusieron nuevos horarios de atenci\u00f3n en distintos puntos de la provincia.<br>La medida, impulsada por la Agencia de Ciencia, Tecnolog\u00eda y Sociedad San Luis (ACTyS SL), tiene como objetivo optimizar el acceso al documento y mejorar la atenci\u00f3n de los ciudadanos en el proceso de emisi\u00f3n y gesti\u00f3n de la CIPE durante el per\u00edodo estival.<br>Desde el organismo informaron que los horarios fueron ajustados en coordinaci\u00f3n con los municipios que cuentan con oficinas habilitadas para la tramitaci\u00f3n, teniendo en cuenta la din\u00e1mica propia del verano y el funcionamiento reducido de algunas dependencias p\u00fablicas.<\/p>\n\n\n\n<figure class=\"wp-block-image size-large\"><img fetchpriority=\"high\" decoding=\"async\" width=\"1024\" height=\"545\" src=\"https:\/\/vecinosdelinterior.com\/wp-content\/uploads\/2026\/01\/Subtitulo-2048x1090-1-1024x545.png\" alt=\"\" class=\"wp-image-6062\" srcset=\"https:\/\/vecinosdelinterior.com\/wp-content\/uploads\/2026\/01\/Subtitulo-2048x1090-1-1024x545.png 1024w, https:\/\/vecinosdelinterior.com\/wp-content\/uploads\/2026\/01\/Subtitulo-2048x1090-1-300x160.png 300w, https:\/\/vecinosdelinterior.com\/wp-content\/uploads\/2026\/01\/Subtitulo-2048x1090-1-768x409.png 768w, https:\/\/vecinosdelinterior.com\/wp-content\/uploads\/2026\/01\/Subtitulo-2048x1090-1-1536x818.png 1536w, https:\/\/vecinosdelinterior.com\/wp-content\/uploads\/2026\/01\/Subtitulo-2048x1090-1-750x399.png 750w, https:\/\/vecinosdelinterior.com\/wp-content\/uploads\/2026\/01\/Subtitulo-2048x1090-1-1140x607.png 1140w, https:\/\/vecinosdelinterior.com\/wp-content\/uploads\/2026\/01\/Subtitulo-2048x1090-1.png 2048w\" sizes=\"(max-width: 1024px) 100vw, 1024px\" \/><\/figure>\n","protected":false},"excerpt":{"rendered":"<p>VECINOSDELINTERIOR.COM \/ 07 DE ENEROLa medida es para ajustar la atenci\u00f3n con los municipios que cuentan con oficinas habilitadas para la tramitaci\u00f3n.En el contexto de la temporada de verano y el receso administrativo en algunas dependencias, las oficinas de la C\u00e9dula de Identidad Provincial Electr\u00f3nica (CIPE) dispusieron nuevos horarios de atenci\u00f3n en distintos puntos de [&hellip;]<\/p>\n","protected":false},"author":1,"featured_media":6063,"comment_status":"open","ping_status":"open","sticky":false,"template":"","format":"standard","meta":{"footnotes":""},"categories":[80],"tags":[],"class_list":["post-6061","post","type-post","status-publish","format-standard","has-post-thumbnail","hentry","category-general"],"_links":{"self":[{"href":"https:\/\/vecinosdelinterior.com\/index.php\/wp-json\/wp\/v2\/posts\/6061","targetHints":{"allow":["GET"]}}],"collection":[{"href":"https:\/\/vecinosdelinterior.com\/index.php\/wp-json\/wp\/v2\/posts"}],"about":[{"href":"https:\/\/vecinosdelinterior.com\/index.php\/wp-json\/wp\/v2\/types\/post"}],"author":[{"embeddable":true,"href":"https:\/\/vecinosdelinterior.com\/index.php\/wp-json\/wp\/v2\/users\/1"}],"replies":[{"embeddable":true,"href":"https:\/\/vecinosdelinterior.com\/index.php\/wp-json\/wp\/v2\/comments?post=6061"}],"version-history":[{"count":1,"href":"https:\/\/vecinosdelinterior.com\/index.php\/wp-json\/wp\/v2\/posts\/6061\/revisions"}],"predecessor-version":[{"id":6064,"href":"https:\/\/vecinosdelinterior.com\/index.php\/wp-json\/wp\/v2\/posts\/6061\/revisions\/6064"}],"wp:featuredmedia":[{"embeddable":true,"href":"https:\/\/vecinosdelinterior.com\/index.php\/wp-json\/wp\/v2\/media\/6063"}],"wp:attachment":[{"href":"https:\/\/vecinosdelinterior.com\/index.php\/wp-json\/wp\/v2\/media?parent=6061"}],"wp:term":[{"taxonomy":"category","embeddable":true,"href":"https:\/\/vecinosdelinterior.com\/index.php\/wp-json\/wp\/v2\/categories?post=6061"},{"taxonomy":"post_tag","embeddable":true,"href":"https:\/\/vecinosdelinterior.com\/index.php\/wp-json\/wp\/v2\/tags?post=6061"}],"curies":[{"name":"wp","href":"https:\/\/api.w.org\/{rel}","templated":true}]}}