{"id":6065,"date":"2026-01-14T08:05:00","date_gmt":"2026-01-14T11:05:00","guid":{"rendered":"https:\/\/vecinosdelinterior.com\/?p=6065"},"modified":"2026-01-14T20:15:35","modified_gmt":"2026-01-14T23:15:35","slug":"luis-soloa-se-presenta-en-san-francisco-con-una-velada-de-agradecimiento-al-publico","status":"publish","type":"post","link":"https:\/\/vecinosdelinterior.com\/index.php\/2026\/01\/14\/luis-soloa-se-presenta-en-san-francisco-con-una-velada-de-agradecimiento-al-publico\/","title":{"rendered":"Luis Soloa se presenta en San Francisco con una velada de agradecimiento al p\u00fablico"},"content":{"rendered":"\n<p>VECINOSDELINTERIOR.COM \/ 14 DE ENERO<br>Este mi\u00e9rcoles 14 de enero a las 21:00, Luis Soloa compartir\u00e1 una velada de agradecimiento con vecinos y visitantes de San Francisco del Monte de Oro. Esta propuesta gratuita surge como un gesto del artista hacia su p\u00fablico, que lo ha acompa\u00f1ado durante tantos a\u00f1os de trayectoria. Con un repertorio que recorre sus grandes \u00e9xitos, promete una noche inolvidable en la cual la m\u00fasica ser\u00e1 el puente que unir\u00e1 recuerdos y emociones.<br>En el evento participar\u00e1n comparsas invitadas, que aportar\u00e1n color y ritmo a la velada: la agrupaci\u00f3n local \u2018Nueva Generaci\u00f3n\u2019 y \u2018Nic\u00e9foros\u2019, de Leandro N. Alem. La iniciativa se completa con la presencia de artesanos y una feria de productores en un espacio de encuentro, apoyo a la econom\u00eda local y recreaci\u00f3n al aire libre.<br>Los organizadores invitan a residentes y viajeros a llevar el mate y sus reposeras a la Plaza Pringles, donde se podr\u00e1 disfrutar de una noche distendida en familia o con amigos. Impulsado por la municipalidad de San Francisco del Monte de Oro, el espect\u00e1culo se suma a las actividades culturales del verano, reafirmando el compromiso del pueblo con el acceso a la cultura y con la puesta en valor de sus artistas.<\/p>\n\n\n\n<figure class=\"wp-block-image size-full\"><img fetchpriority=\"high\" decoding=\"async\" width=\"512\" height=\"640\" src=\"https:\/\/vecinosdelinterior.com\/wp-content\/uploads\/2026\/01\/LUIS-SOLOA-EN-SAN-FRANCISCO-1.jpg\" alt=\"\" class=\"wp-image-6066\" srcset=\"https:\/\/vecinosdelinterior.com\/wp-content\/uploads\/2026\/01\/LUIS-SOLOA-EN-SAN-FRANCISCO-1.jpg 512w, https:\/\/vecinosdelinterior.com\/wp-content\/uploads\/2026\/01\/LUIS-SOLOA-EN-SAN-FRANCISCO-1-240x300.jpg 240w\" sizes=\"(max-width: 512px) 100vw, 512px\" \/><\/figure>\n","protected":false},"excerpt":{"rendered":"<p>VECINOSDELINTERIOR.COM \/ 14 DE ENEROEste mi\u00e9rcoles 14 de enero a las 21:00, Luis Soloa compartir\u00e1 una velada de agradecimiento con vecinos y visitantes de San Francisco del Monte de Oro. Esta propuesta gratuita surge como un gesto del artista hacia su p\u00fablico, que lo ha acompa\u00f1ado durante tantos a\u00f1os de trayectoria. Con un repertorio que [&hellip;]<\/p>\n","protected":false},"author":1,"featured_media":6066,"comment_status":"open","ping_status":"open","sticky":false,"template":"","format":"standard","meta":{"footnotes":""},"categories":[8,9],"tags":[],"class_list":["post-6065","post","type-post","status-publish","format-standard","has-post-thumbnail","hentry","category-ayacucho","category-san-francisco"],"_links":{"self":[{"href":"https:\/\/vecinosdelinterior.com\/index.php\/wp-json\/wp\/v2\/posts\/6065","targetHints":{"allow":["GET"]}}],"collection":[{"href":"https:\/\/vecinosdelinterior.com\/index.php\/wp-json\/wp\/v2\/posts"}],"about":[{"href":"https:\/\/vecinosdelinterior.com\/index.php\/wp-json\/wp\/v2\/types\/post"}],"author":[{"embeddable":true,"href":"https:\/\/vecinosdelinterior.com\/index.php\/wp-json\/wp\/v2\/users\/1"}],"replies":[{"embeddable":true,"href":"https:\/\/vecinosdelinterior.com\/index.php\/wp-json\/wp\/v2\/comments?post=6065"}],"version-history":[{"count":1,"href":"https:\/\/vecinosdelinterior.com\/index.php\/wp-json\/wp\/v2\/posts\/6065\/revisions"}],"predecessor-version":[{"id":6067,"href":"https:\/\/vecinosdelinterior.com\/index.php\/wp-json\/wp\/v2\/posts\/6065\/revisions\/6067"}],"wp:featuredmedia":[{"embeddable":true,"href":"https:\/\/vecinosdelinterior.com\/index.php\/wp-json\/wp\/v2\/media\/6066"}],"wp:attachment":[{"href":"https:\/\/vecinosdelinterior.com\/index.php\/wp-json\/wp\/v2\/media?parent=6065"}],"wp:term":[{"taxonomy":"category","embeddable":true,"href":"https:\/\/vecinosdelinterior.com\/index.php\/wp-json\/wp\/v2\/categories?post=6065"},{"taxonomy":"post_tag","embeddable":true,"href":"https:\/\/vecinosdelinterior.com\/index.php\/wp-json\/wp\/v2\/tags?post=6065"}],"curies":[{"name":"wp","href":"https:\/\/api.w.org\/{rel}","templated":true}]}}