{"id":6068,"date":"2026-01-14T08:15:00","date_gmt":"2026-01-14T11:15:00","guid":{"rendered":"https:\/\/vecinosdelinterior.com\/?p=6068"},"modified":"2026-01-14T20:16:43","modified_gmt":"2026-01-14T23:16:43","slug":"alerta-por-tormentas-en-region-centro-y-sur-provincial","status":"publish","type":"post","link":"https:\/\/vecinosdelinterior.com\/index.php\/2026\/01\/14\/alerta-por-tormentas-en-region-centro-y-sur-provincial\/","title":{"rendered":"Alerta por tormentas en regi\u00f3n centro y sur provincial"},"content":{"rendered":"\n<p>VECINOSDELINTERIOR.COM \/ 14 DE ENERO<br>Para las pr\u00f3ximas horas se prev\u00e9 la ocurrencia de lluvias y tormentas aisladas de variada intensidad, algunas localmente fuertes. Es probable que estos fen\u00f3menos est\u00e9n acompa\u00f1ados por precipitaciones intensas, posible ca\u00edda de granizo, importante actividad el\u00e9ctrica y fuertes r\u00e1fagas de viento<\/p>\n\n\n\n<figure class=\"wp-block-image size-large\"><img fetchpriority=\"high\" decoding=\"async\" width=\"1024\" height=\"904\" src=\"https:\/\/vecinosdelinterior.com\/wp-content\/uploads\/2026\/01\/615703988_18189711637351497_6548783363213305148_n-1024x904.jpg\" alt=\"\" class=\"wp-image-6069\" srcset=\"https:\/\/vecinosdelinterior.com\/wp-content\/uploads\/2026\/01\/615703988_18189711637351497_6548783363213305148_n-1024x904.jpg 1024w, https:\/\/vecinosdelinterior.com\/wp-content\/uploads\/2026\/01\/615703988_18189711637351497_6548783363213305148_n-300x265.jpg 300w, https:\/\/vecinosdelinterior.com\/wp-content\/uploads\/2026\/01\/615703988_18189711637351497_6548783363213305148_n-768x678.jpg 768w, https:\/\/vecinosdelinterior.com\/wp-content\/uploads\/2026\/01\/615703988_18189711637351497_6548783363213305148_n-750x662.jpg 750w, https:\/\/vecinosdelinterior.com\/wp-content\/uploads\/2026\/01\/615703988_18189711637351497_6548783363213305148_n-1140x1007.jpg 1140w, https:\/\/vecinosdelinterior.com\/wp-content\/uploads\/2026\/01\/615703988_18189711637351497_6548783363213305148_n.jpg 1439w\" sizes=\"(max-width: 1024px) 100vw, 1024px\" \/><\/figure>\n","protected":false},"excerpt":{"rendered":"<p>VECINOSDELINTERIOR.COM \/ 14 DE ENEROPara las pr\u00f3ximas horas se prev\u00e9 la ocurrencia de lluvias y tormentas aisladas de variada intensidad, algunas localmente fuertes. Es probable que estos fen\u00f3menos est\u00e9n acompa\u00f1ados por precipitaciones intensas, posible ca\u00edda de granizo, importante actividad el\u00e9ctrica y fuertes r\u00e1fagas de viento<\/p>\n","protected":false},"author":1,"featured_media":6069,"comment_status":"open","ping_status":"open","sticky":false,"template":"","format":"standard","meta":{"footnotes":""},"categories":[80],"tags":[],"class_list":["post-6068","post","type-post","status-publish","format-standard","has-post-thumbnail","hentry","category-general"],"_links":{"self":[{"href":"https:\/\/vecinosdelinterior.com\/index.php\/wp-json\/wp\/v2\/posts\/6068","targetHints":{"allow":["GET"]}}],"collection":[{"href":"https:\/\/vecinosdelinterior.com\/index.php\/wp-json\/wp\/v2\/posts"}],"about":[{"href":"https:\/\/vecinosdelinterior.com\/index.php\/wp-json\/wp\/v2\/types\/post"}],"author":[{"embeddable":true,"href":"https:\/\/vecinosdelinterior.com\/index.php\/wp-json\/wp\/v2\/users\/1"}],"replies":[{"embeddable":true,"href":"https:\/\/vecinosdelinterior.com\/index.php\/wp-json\/wp\/v2\/comments?post=6068"}],"version-history":[{"count":1,"href":"https:\/\/vecinosdelinterior.com\/index.php\/wp-json\/wp\/v2\/posts\/6068\/revisions"}],"predecessor-version":[{"id":6070,"href":"https:\/\/vecinosdelinterior.com\/index.php\/wp-json\/wp\/v2\/posts\/6068\/revisions\/6070"}],"wp:featuredmedia":[{"embeddable":true,"href":"https:\/\/vecinosdelinterior.com\/index.php\/wp-json\/wp\/v2\/media\/6069"}],"wp:attachment":[{"href":"https:\/\/vecinosdelinterior.com\/index.php\/wp-json\/wp\/v2\/media?parent=6068"}],"wp:term":[{"taxonomy":"category","embeddable":true,"href":"https:\/\/vecinosdelinterior.com\/index.php\/wp-json\/wp\/v2\/categories?post=6068"},{"taxonomy":"post_tag","embeddable":true,"href":"https:\/\/vecinosdelinterior.com\/index.php\/wp-json\/wp\/v2\/tags?post=6068"}],"curies":[{"name":"wp","href":"https:\/\/api.w.org\/{rel}","templated":true}]}}