{"id":607,"date":"2023-09-03T12:33:13","date_gmt":"2023-09-03T15:33:13","guid":{"rendered":"https:\/\/vecinosdelinterior.com\/?p=607"},"modified":"2023-09-03T12:33:14","modified_gmt":"2023-09-03T15:33:14","slug":"miguel-baldoni-lidera-el-rally-de-san-martin","status":"publish","type":"post","link":"https:\/\/vecinosdelinterior.com\/index.php\/2023\/09\/03\/miguel-baldoni-lidera-el-rally-de-san-martin\/","title":{"rendered":"Miguel Baldoni lidera el rally de San Martin"},"content":{"rendered":"\n<p><br>Este fin de semana se disputa la s\u00e9ptima fecha del rally provincial en la localidad de San Martin. Miguel Baldoni fue el ganador de la primera etapa superando cinco de las seis pruebas especiales de la jornada y obtuvo as\u00ed una diferencia de m\u00e1s de un minuto con respecto a sus rivales.<\/p>\n\n\n\n<p>Baldoni emple\u00f3 un registro neto de 38 minutos, 48 segundos y 3 d\u00e9cimas para recorrer los 64,3 kil\u00f3metros cronometrados. Detr\u00e1s se ubic\u00f3 \u201cEl Nono\u201d Bassi a un minuto dos segundos de diferencia. \u201cEspy\u201d Gonz\u00e1lez complet\u00f3 el tridente de punta a 1 minuto 11 segundos de diferencia con respecto al l\u00edder del rally.<\/p>\n\n\n\n<p>Federico Bassi, ganador de la fecha pasada, ocupa el cuarto lugar. A pesar de que \u201cFridy\u201d est\u00e1 a 1 minuto 16 segundos de la punta, la brecha para acceder al podio es de solo 5 segundos.<\/p>\n\n\n\n<p>En la quinta colocaci\u00f3n de la general se ubic\u00f3 Fernando Pela. El puntano qued\u00f3 a 1 minuto y 32 segundos de Baldoni, pero est\u00e1 en la misma situaci\u00f3n que Bassi, cerca de los puestos de podio.<\/p>\n\n\n\n<figure class=\"wp-block-image size-full\"><img fetchpriority=\"high\" decoding=\"async\" width=\"717\" height=\"476\" src=\"https:\/\/vecinosdelinterior.com\/wp-content\/uploads\/2023\/09\/baldoni-min.png\" alt=\"\" class=\"wp-image-608\" srcset=\"https:\/\/vecinosdelinterior.com\/wp-content\/uploads\/2023\/09\/baldoni-min.png 717w, https:\/\/vecinosdelinterior.com\/wp-content\/uploads\/2023\/09\/baldoni-min-300x199.png 300w\" sizes=\"(max-width: 717px) 100vw, 717px\" \/><\/figure>\n\n\n\n<p>Este domingo la competencia recorrer\u00e1 el tramo de Puerta Colorada-Rinc\u00f3n del Carmen.<\/p>\n","protected":false},"excerpt":{"rendered":"<p>Este fin de semana se disputa la s\u00e9ptima fecha del rally provincial en la localidad de San Martin. Miguel Baldoni fue el ganador de la primera etapa superando cinco de las seis pruebas especiales de la jornada y obtuvo as\u00ed una diferencia de m\u00e1s de un minuto con respecto a sus rivales. Baldoni emple\u00f3 un [&hellip;]<\/p>\n","protected":false},"author":1,"featured_media":608,"comment_status":"open","ping_status":"open","sticky":false,"template":"","format":"standard","meta":{"footnotes":""},"categories":[67],"tags":[190],"class_list":["post-607","post","type-post","status-publish","format-standard","has-post-thumbnail","hentry","category-san-martin","tag-rally"],"_links":{"self":[{"href":"https:\/\/vecinosdelinterior.com\/index.php\/wp-json\/wp\/v2\/posts\/607","targetHints":{"allow":["GET"]}}],"collection":[{"href":"https:\/\/vecinosdelinterior.com\/index.php\/wp-json\/wp\/v2\/posts"}],"about":[{"href":"https:\/\/vecinosdelinterior.com\/index.php\/wp-json\/wp\/v2\/types\/post"}],"author":[{"embeddable":true,"href":"https:\/\/vecinosdelinterior.com\/index.php\/wp-json\/wp\/v2\/users\/1"}],"replies":[{"embeddable":true,"href":"https:\/\/vecinosdelinterior.com\/index.php\/wp-json\/wp\/v2\/comments?post=607"}],"version-history":[{"count":1,"href":"https:\/\/vecinosdelinterior.com\/index.php\/wp-json\/wp\/v2\/posts\/607\/revisions"}],"predecessor-version":[{"id":609,"href":"https:\/\/vecinosdelinterior.com\/index.php\/wp-json\/wp\/v2\/posts\/607\/revisions\/609"}],"wp:featuredmedia":[{"embeddable":true,"href":"https:\/\/vecinosdelinterior.com\/index.php\/wp-json\/wp\/v2\/media\/608"}],"wp:attachment":[{"href":"https:\/\/vecinosdelinterior.com\/index.php\/wp-json\/wp\/v2\/media?parent=607"}],"wp:term":[{"taxonomy":"category","embeddable":true,"href":"https:\/\/vecinosdelinterior.com\/index.php\/wp-json\/wp\/v2\/categories?post=607"},{"taxonomy":"post_tag","embeddable":true,"href":"https:\/\/vecinosdelinterior.com\/index.php\/wp-json\/wp\/v2\/tags?post=607"}],"curies":[{"name":"wp","href":"https:\/\/api.w.org\/{rel}","templated":true}]}}