{"id":6082,"date":"2026-01-12T20:23:19","date_gmt":"2026-01-12T23:23:19","guid":{"rendered":"https:\/\/vecinosdelinterior.com\/?p=6082"},"modified":"2026-01-14T20:25:33","modified_gmt":"2026-01-14T23:25:33","slug":"pancanta-celebrara-la-fe-con-una-pena-benefica-en-honor-a-la-virgen-del-valle","status":"publish","type":"post","link":"https:\/\/vecinosdelinterior.com\/index.php\/2026\/01\/12\/pancanta-celebrara-la-fe-con-una-pena-benefica-en-honor-a-la-virgen-del-valle\/","title":{"rendered":"Pancanta celebrar\u00e1 la fe con una pe\u00f1a ben\u00e9fica en honor a la Virgen del Valle"},"content":{"rendered":"\n<p>VECINOSDELINTERIOR.COM \/ 12 DE ENERO<br>El evento tendr\u00e1 lugar el 15 de enero, a partir de las 19:00, y ser\u00e1 el cierre festivo de la 1\u00b0 peregrinaci\u00f3n en caravana \u2018Los Siete Corazones de Mar\u00eda\u2019, una propuesta de turismo religioso que recorre distintos puntos del cord\u00f3n serrano de San Luis, que integra espiritualidad, paisaje y cultura.<br>Los vecinos del Valle de Pancanta vivir\u00e1n una jornada cargada de convicci\u00f3n y tradici\u00f3n con la realizaci\u00f3n de la Pe\u00f1a Ben\u00e9fica, con motivos de esta advocaci\u00f3n mariana que se ha convertido en un s\u00edmbolo de identidad y devoci\u00f3n para la regi\u00f3n.<br>La pe\u00f1a ben\u00e9fica es organizada por la Asociaci\u00f3n Civil Protemplo Pancanta \u2018Virgen del Valle de Pancanta\u2019 y tiene como objetivo principal recaudar fondos para la compra de materiales destinados a la construcci\u00f3n del tiemplo.<br>La actividad ser\u00e1 el 15 de enero a partir de las 19:00 y contar\u00e1 con entrada libre y precio a voluntad, reforzando el esp\u00edritu solidario e inclusivo de la convocatoria. Adem\u00e1s, se inform\u00f3 que no se suspende por inclemencias clim\u00e1ticas, ya que, en caso de mal tiempo, la pe\u00f1a se realizar\u00e1 en el Sal\u00f3n Scombro.<br>M\u00fasica, danza y tradiciones populares<br>La propuesta art\u00edstica reunir\u00e1 a destacados m\u00fasicos, ballets y agrupaciones folcl\u00f3ricas, en una grilla que pone en valor la cultura popular y las expresiones tradicionales de la regi\u00f3n.<br>Actuar\u00e1n Ricardo G\u00f3mez Terranova, Jorgito Jofr\u00e9 y Antonio Lucero, T\u00edo Liberato, Sentimientos Cuyanos, Gauchito Jofr\u00e9, Alma de Guitarra, Grupo Sagrado de Charangos Bolivia, junto a los ballets Virgen del Valle y Virgen del Carmen, con un cierre bailable a cargo de la Banda de Los del Valle.<br>Esta pe\u00f1a es un espacio de encuentro donde la m\u00fasica, la danza y la devoci\u00f3n se conjugan para fortalecer los lazos de la comunidad.<br>La Pe\u00f1a Ben\u00e9fica Virgen del Valle de Pancanta se presenta as\u00ed como una invitaci\u00f3n abierta a compartir una noche de m\u00fasica, fe y solidaridad, en un entorno natural \u00fanico.<\/p>\n","protected":false},"excerpt":{"rendered":"<p>VECINOSDELINTERIOR.COM \/ 12 DE ENEROEl evento tendr\u00e1 lugar el 15 de enero, a partir de las 19:00, y ser\u00e1 el cierre festivo de la 1\u00b0 peregrinaci\u00f3n en caravana \u2018Los Siete Corazones de Mar\u00eda\u2019, una propuesta de turismo religioso que recorre distintos puntos del cord\u00f3n serrano de San Luis, que integra espiritualidad, paisaje y cultura.Los vecinos [&hellip;]<\/p>\n","protected":false},"author":1,"featured_media":6083,"comment_status":"open","ping_status":"open","sticky":false,"template":"","format":"standard","meta":{"footnotes":""},"categories":[2],"tags":[],"class_list":["post-6082","post","type-post","status-publish","format-standard","has-post-thumbnail","hentry","category-pringles"],"_links":{"self":[{"href":"https:\/\/vecinosdelinterior.com\/index.php\/wp-json\/wp\/v2\/posts\/6082","targetHints":{"allow":["GET"]}}],"collection":[{"href":"https:\/\/vecinosdelinterior.com\/index.php\/wp-json\/wp\/v2\/posts"}],"about":[{"href":"https:\/\/vecinosdelinterior.com\/index.php\/wp-json\/wp\/v2\/types\/post"}],"author":[{"embeddable":true,"href":"https:\/\/vecinosdelinterior.com\/index.php\/wp-json\/wp\/v2\/users\/1"}],"replies":[{"embeddable":true,"href":"https:\/\/vecinosdelinterior.com\/index.php\/wp-json\/wp\/v2\/comments?post=6082"}],"version-history":[{"count":1,"href":"https:\/\/vecinosdelinterior.com\/index.php\/wp-json\/wp\/v2\/posts\/6082\/revisions"}],"predecessor-version":[{"id":6084,"href":"https:\/\/vecinosdelinterior.com\/index.php\/wp-json\/wp\/v2\/posts\/6082\/revisions\/6084"}],"wp:featuredmedia":[{"embeddable":true,"href":"https:\/\/vecinosdelinterior.com\/index.php\/wp-json\/wp\/v2\/media\/6083"}],"wp:attachment":[{"href":"https:\/\/vecinosdelinterior.com\/index.php\/wp-json\/wp\/v2\/media?parent=6082"}],"wp:term":[{"taxonomy":"category","embeddable":true,"href":"https:\/\/vecinosdelinterior.com\/index.php\/wp-json\/wp\/v2\/categories?post=6082"},{"taxonomy":"post_tag","embeddable":true,"href":"https:\/\/vecinosdelinterior.com\/index.php\/wp-json\/wp\/v2\/tags?post=6082"}],"curies":[{"name":"wp","href":"https:\/\/api.w.org\/{rel}","templated":true}]}}