{"id":6086,"date":"2026-01-15T18:02:52","date_gmt":"2026-01-15T21:02:52","guid":{"rendered":"https:\/\/vecinosdelinterior.com\/?p=6086"},"modified":"2026-01-15T18:02:52","modified_gmt":"2026-01-15T21:02:52","slug":"este-sabado-17-de-enero-concaran-celebrara-la-primera-edicion-del-festival-del-valle-de-la-veracruz","status":"publish","type":"post","link":"https:\/\/vecinosdelinterior.com\/index.php\/2026\/01\/15\/este-sabado-17-de-enero-concaran-celebrara-la-primera-edicion-del-festival-del-valle-de-la-veracruz\/","title":{"rendered":"Este s\u00e1bado 17 de enero, Concar\u00e1n celebrar\u00e1 la primera edici\u00f3n del Festival del Valle de la Veracruz"},"content":{"rendered":"\n<p>VECINOSDELINTERIOR.COM \/ 15 DE ENERO<br>Ser\u00e1 en el Predio del Ferrocarril.<br>Bajo el lema \u201cLa tradici\u00f3n que nos une\u201d, el evento nace para reafirmar la identidad cultural del pueblo y consolidarse como un atractivo clave del verano en el Valle del Conlara. Con entrada libre y gratuita, la noche contar\u00e1 con las actuaciones centrales de Piko Frank, Banda Mix y Los Playeros, adem\u00e1s de una nutrida grilla de ballets y artistas locales.<br>\u200b\ud83d\udc49Datos Claves del Evento:<br>\u200bD\u00eda: S\u00e1bado 17 de enero.<br>\u200bHora: 21:00 h.<br>\u200bLugar: Predio del Ferrocarril, Concar\u00e1n.<br>\u200bEntrada: Gratis.<br>\u200bRecomendaciones: Traer reposera y equipo de mate.<br>\u200bRestricciones: No se permite el ingreso con bebidas ni comidas.<\/p>\n\n\n\n<figure class=\"wp-block-gallery has-nested-images columns-default is-cropped wp-block-gallery-1 is-layout-flex wp-block-gallery-is-layout-flex\">\n<figure class=\"wp-block-image size-large\"><img fetchpriority=\"high\" decoding=\"async\" width=\"819\" height=\"1024\" data-id=\"6089\" src=\"https:\/\/vecinosdelinterior.com\/wp-content\/uploads\/2026\/01\/615288838_1446288630832784_5604456214385112421_n-819x1024.jpg\" alt=\"\" class=\"wp-image-6089\" srcset=\"https:\/\/vecinosdelinterior.com\/wp-content\/uploads\/2026\/01\/615288838_1446288630832784_5604456214385112421_n-819x1024.jpg 819w, https:\/\/vecinosdelinterior.com\/wp-content\/uploads\/2026\/01\/615288838_1446288630832784_5604456214385112421_n-240x300.jpg 240w, https:\/\/vecinosdelinterior.com\/wp-content\/uploads\/2026\/01\/615288838_1446288630832784_5604456214385112421_n-768x960.jpg 768w, https:\/\/vecinosdelinterior.com\/wp-content\/uploads\/2026\/01\/615288838_1446288630832784_5604456214385112421_n-1229x1536.jpg 1229w, https:\/\/vecinosdelinterior.com\/wp-content\/uploads\/2026\/01\/615288838_1446288630832784_5604456214385112421_n-750x938.jpg 750w, https:\/\/vecinosdelinterior.com\/wp-content\/uploads\/2026\/01\/615288838_1446288630832784_5604456214385112421_n-1140x1425.jpg 1140w, https:\/\/vecinosdelinterior.com\/wp-content\/uploads\/2026\/01\/615288838_1446288630832784_5604456214385112421_n.jpg 1638w\" sizes=\"(max-width: 819px) 100vw, 819px\" \/><\/figure>\n\n\n\n<figure class=\"wp-block-image size-large\"><img decoding=\"async\" width=\"819\" height=\"1024\" data-id=\"6088\" src=\"https:\/\/vecinosdelinterior.com\/wp-content\/uploads\/2026\/01\/616549483_1446288577499456_8354500708169444346_n-819x1024.jpg\" alt=\"\" class=\"wp-image-6088\" srcset=\"https:\/\/vecinosdelinterior.com\/wp-content\/uploads\/2026\/01\/616549483_1446288577499456_8354500708169444346_n-819x1024.jpg 819w, https:\/\/vecinosdelinterior.com\/wp-content\/uploads\/2026\/01\/616549483_1446288577499456_8354500708169444346_n-240x300.jpg 240w, https:\/\/vecinosdelinterior.com\/wp-content\/uploads\/2026\/01\/616549483_1446288577499456_8354500708169444346_n-768x960.jpg 768w, https:\/\/vecinosdelinterior.com\/wp-content\/uploads\/2026\/01\/616549483_1446288577499456_8354500708169444346_n-1229x1536.jpg 1229w, https:\/\/vecinosdelinterior.com\/wp-content\/uploads\/2026\/01\/616549483_1446288577499456_8354500708169444346_n-750x938.jpg 750w, https:\/\/vecinosdelinterior.com\/wp-content\/uploads\/2026\/01\/616549483_1446288577499456_8354500708169444346_n-1140x1425.jpg 1140w, https:\/\/vecinosdelinterior.com\/wp-content\/uploads\/2026\/01\/616549483_1446288577499456_8354500708169444346_n.jpg 1638w\" sizes=\"(max-width: 819px) 100vw, 819px\" \/><\/figure>\n\n\n\n<figure class=\"wp-block-image size-large\"><img decoding=\"async\" width=\"819\" height=\"1024\" data-id=\"6087\" src=\"https:\/\/vecinosdelinterior.com\/wp-content\/uploads\/2026\/01\/615968837_1446288557499458_7777604647612837994_n-819x1024.jpg\" alt=\"\" class=\"wp-image-6087\" srcset=\"https:\/\/vecinosdelinterior.com\/wp-content\/uploads\/2026\/01\/615968837_1446288557499458_7777604647612837994_n-819x1024.jpg 819w, https:\/\/vecinosdelinterior.com\/wp-content\/uploads\/2026\/01\/615968837_1446288557499458_7777604647612837994_n-240x300.jpg 240w, https:\/\/vecinosdelinterior.com\/wp-content\/uploads\/2026\/01\/615968837_1446288557499458_7777604647612837994_n-768x960.jpg 768w, https:\/\/vecinosdelinterior.com\/wp-content\/uploads\/2026\/01\/615968837_1446288557499458_7777604647612837994_n-1229x1536.jpg 1229w, https:\/\/vecinosdelinterior.com\/wp-content\/uploads\/2026\/01\/615968837_1446288557499458_7777604647612837994_n-750x938.jpg 750w, https:\/\/vecinosdelinterior.com\/wp-content\/uploads\/2026\/01\/615968837_1446288557499458_7777604647612837994_n-1140x1425.jpg 1140w, https:\/\/vecinosdelinterior.com\/wp-content\/uploads\/2026\/01\/615968837_1446288557499458_7777604647612837994_n.jpg 1638w\" sizes=\"(max-width: 819px) 100vw, 819px\" \/><\/figure>\n<\/figure>\n","protected":false},"excerpt":{"rendered":"<p>VECINOSDELINTERIOR.COM \/ 15 DE ENEROSer\u00e1 en el Predio del Ferrocarril.Bajo el lema \u201cLa tradici\u00f3n que nos une\u201d, el evento nace para reafirmar la identidad cultural del pueblo y consolidarse como un atractivo clave del verano en el Valle del Conlara. Con entrada libre y gratuita, la noche contar\u00e1 con las actuaciones centrales de Piko Frank, [&hellip;]<\/p>\n","protected":false},"author":1,"featured_media":6088,"comment_status":"open","ping_status":"open","sticky":false,"template":"","format":"standard","meta":{"footnotes":""},"categories":[29,223],"tags":[333],"class_list":["post-6086","post","type-post","status-publish","format-standard","has-post-thumbnail","hentry","category-chacabuco","category-concaran","tag-festivales"],"_links":{"self":[{"href":"https:\/\/vecinosdelinterior.com\/index.php\/wp-json\/wp\/v2\/posts\/6086","targetHints":{"allow":["GET"]}}],"collection":[{"href":"https:\/\/vecinosdelinterior.com\/index.php\/wp-json\/wp\/v2\/posts"}],"about":[{"href":"https:\/\/vecinosdelinterior.com\/index.php\/wp-json\/wp\/v2\/types\/post"}],"author":[{"embeddable":true,"href":"https:\/\/vecinosdelinterior.com\/index.php\/wp-json\/wp\/v2\/users\/1"}],"replies":[{"embeddable":true,"href":"https:\/\/vecinosdelinterior.com\/index.php\/wp-json\/wp\/v2\/comments?post=6086"}],"version-history":[{"count":1,"href":"https:\/\/vecinosdelinterior.com\/index.php\/wp-json\/wp\/v2\/posts\/6086\/revisions"}],"predecessor-version":[{"id":6090,"href":"https:\/\/vecinosdelinterior.com\/index.php\/wp-json\/wp\/v2\/posts\/6086\/revisions\/6090"}],"wp:featuredmedia":[{"embeddable":true,"href":"https:\/\/vecinosdelinterior.com\/index.php\/wp-json\/wp\/v2\/media\/6088"}],"wp:attachment":[{"href":"https:\/\/vecinosdelinterior.com\/index.php\/wp-json\/wp\/v2\/media?parent=6086"}],"wp:term":[{"taxonomy":"category","embeddable":true,"href":"https:\/\/vecinosdelinterior.com\/index.php\/wp-json\/wp\/v2\/categories?post=6086"},{"taxonomy":"post_tag","embeddable":true,"href":"https:\/\/vecinosdelinterior.com\/index.php\/wp-json\/wp\/v2\/tags?post=6086"}],"curies":[{"name":"wp","href":"https:\/\/api.w.org\/{rel}","templated":true}]}}