{"id":610,"date":"2023-09-03T12:39:43","date_gmt":"2023-09-03T15:39:43","guid":{"rendered":"https:\/\/vecinosdelinterior.com\/?p=610"},"modified":"2023-09-03T12:39:44","modified_gmt":"2023-09-03T15:39:44","slug":"este-domingo-se-conmemora-el-dia-de-la-virgen-de-la-cobrera","status":"publish","type":"post","link":"https:\/\/vecinosdelinterior.com\/index.php\/2023\/09\/03\/este-domingo-se-conmemora-el-dia-de-la-virgen-de-la-cobrera\/","title":{"rendered":"Este domingo se conmemora el D\u00eda de la Virgen de la Cobrera"},"content":{"rendered":"\n<p><br>Este domingo se conmemoran 29 a\u00f1os de la primera aparici\u00f3n de la Virgen de la Cobrera, la cual fue el 3 de septiembre de 1994 en la casa del ex jefe de Polic\u00eda de la provincia de San Luis, Miguel \u00c1ngel Escudero.<\/p>\n\n\n\n<p>Desde ese momento, Escudero y su esposa, construyeron una imagen que trasladaron a un predio camino a Paso del Rey, localidad de San Luis, donde hoy es venerada por miles de personas.<\/p>\n\n\n\n<figure class=\"wp-block-image size-full\"><img fetchpriority=\"high\" decoding=\"async\" width=\"750\" height=\"480\" src=\"https:\/\/vecinosdelinterior.com\/wp-content\/uploads\/2023\/09\/COBRERA.png\" alt=\"\" class=\"wp-image-611\" srcset=\"https:\/\/vecinosdelinterior.com\/wp-content\/uploads\/2023\/09\/COBRERA.png 750w, https:\/\/vecinosdelinterior.com\/wp-content\/uploads\/2023\/09\/COBRERA-300x192.png 300w\" sizes=\"(max-width: 750px) 100vw, 750px\" \/><\/figure>\n\n\n\n<p>La devoci\u00f3n por nuestra Se\u00f1ora de la Cobrera es cada vez m\u00e1s grande y los testimonios de viajeros permanecen fortificados en la f\u00e9 hacia Mar\u00eda, bajo la advocaci\u00f3n de la Cobrera.<\/p>\n\n\n\n<p>La Virgen establece v\u00ednculos \u00fanicos con sus fieles, cuyo objetivo es el amor, que testifica a trav\u00e9s de mensajes a Miguel Escudero, a su esposa Magdalena y a Norma Ojeda, una amiga de la familia.<\/p>\n\n\n\n<p>La Virgen Mar\u00eda aparece por primera vez en un sue\u00f1o de Miguel \u00c1ngel Escudero, el 3 de septiembre de 1994, entre las 4:00 y 6:00 am, pidi\u00e9ndole que la reciban en su hogar para llegar a esa familia y quedarse.<\/p>\n","protected":false},"excerpt":{"rendered":"<p>Este domingo se conmemoran 29 a\u00f1os de la primera aparici\u00f3n de la Virgen de la Cobrera, la cual fue el 3 de septiembre de 1994 en la casa del ex jefe de Polic\u00eda de la provincia de San Luis, Miguel \u00c1ngel Escudero. Desde ese momento, Escudero y su esposa, construyeron una imagen que trasladaron a [&hellip;]<\/p>\n","protected":false},"author":1,"featured_media":611,"comment_status":"open","ping_status":"open","sticky":false,"template":"","format":"standard","meta":{"footnotes":""},"categories":[191],"tags":[192],"class_list":["post-610","post","type-post","status-publish","format-standard","has-post-thumbnail","hentry","category-la-cobrera","tag-virgen-de-la-cobrera"],"_links":{"self":[{"href":"https:\/\/vecinosdelinterior.com\/index.php\/wp-json\/wp\/v2\/posts\/610","targetHints":{"allow":["GET"]}}],"collection":[{"href":"https:\/\/vecinosdelinterior.com\/index.php\/wp-json\/wp\/v2\/posts"}],"about":[{"href":"https:\/\/vecinosdelinterior.com\/index.php\/wp-json\/wp\/v2\/types\/post"}],"author":[{"embeddable":true,"href":"https:\/\/vecinosdelinterior.com\/index.php\/wp-json\/wp\/v2\/users\/1"}],"replies":[{"embeddable":true,"href":"https:\/\/vecinosdelinterior.com\/index.php\/wp-json\/wp\/v2\/comments?post=610"}],"version-history":[{"count":1,"href":"https:\/\/vecinosdelinterior.com\/index.php\/wp-json\/wp\/v2\/posts\/610\/revisions"}],"predecessor-version":[{"id":612,"href":"https:\/\/vecinosdelinterior.com\/index.php\/wp-json\/wp\/v2\/posts\/610\/revisions\/612"}],"wp:featuredmedia":[{"embeddable":true,"href":"https:\/\/vecinosdelinterior.com\/index.php\/wp-json\/wp\/v2\/media\/611"}],"wp:attachment":[{"href":"https:\/\/vecinosdelinterior.com\/index.php\/wp-json\/wp\/v2\/media?parent=610"}],"wp:term":[{"taxonomy":"category","embeddable":true,"href":"https:\/\/vecinosdelinterior.com\/index.php\/wp-json\/wp\/v2\/categories?post=610"},{"taxonomy":"post_tag","embeddable":true,"href":"https:\/\/vecinosdelinterior.com\/index.php\/wp-json\/wp\/v2\/tags?post=610"}],"curies":[{"name":"wp","href":"https:\/\/api.w.org\/{rel}","templated":true}]}}