{"id":6115,"date":"2026-01-18T23:14:27","date_gmt":"2026-01-19T02:14:27","guid":{"rendered":"https:\/\/vecinosdelinterior.com\/?p=6115"},"modified":"2026-01-18T23:14:28","modified_gmt":"2026-01-19T02:14:28","slug":"detuvieron-a-dos-personas-sospechadas-de-haber-matado-a-un-hombre-en-el-trapiche","status":"publish","type":"post","link":"https:\/\/vecinosdelinterior.com\/index.php\/2026\/01\/18\/detuvieron-a-dos-personas-sospechadas-de-haber-matado-a-un-hombre-en-el-trapiche\/","title":{"rendered":"Detuvieron a dos personas sospechadas de haber matado a un hombre en El Trapiche"},"content":{"rendered":"\n<p>VECINOSDELINTERIOR.COM \/ 18 DE ENERO<br>La detenci\u00f3n se concret\u00f3 en cercan\u00edas del ingreso y egreso de dicha localidad, cuando los sospechosos mantenia una actitud de abandonar el pueblo.<br>Minutos despu\u00e9s, la Polic\u00eda recibi\u00f3 la orden formal de detenci\u00f3n de ambos por parte de la Justicia interviniente.<br>Seg\u00fan informaci\u00f3n policial, el resultado de la necropsia realizada al cuerpo del hombre fallecido en la localidad de El Trapiche, la causa de muerte fue un shock hipovol\u00e9mico agudo producido por una herida ocasionada por un proyectil de arma de fuego calibre 9 mm.<br>Asimismo, se determin\u00f3 que el cuerpo presentaba tres impactos de bala: uno en la zona del om\u00f3plato, uno en una de las piernas y otro en el brazo derecho<\/p>\n","protected":false},"excerpt":{"rendered":"<p>VECINOSDELINTERIOR.COM \/ 18 DE ENEROLa detenci\u00f3n se concret\u00f3 en cercan\u00edas del ingreso y egreso de dicha localidad, cuando los sospechosos mantenia una actitud de abandonar el pueblo.Minutos despu\u00e9s, la Polic\u00eda recibi\u00f3 la orden formal de detenci\u00f3n de ambos por parte de la Justicia interviniente.Seg\u00fan informaci\u00f3n policial, el resultado de la necropsia realizada al cuerpo del [&hellip;]<\/p>\n","protected":false},"author":1,"featured_media":6116,"comment_status":"open","ping_status":"open","sticky":false,"template":"","format":"standard","meta":{"footnotes":""},"categories":[99,2],"tags":[],"class_list":["post-6115","post","type-post","status-publish","format-standard","has-post-thumbnail","hentry","category-el-trapiche","category-pringles"],"_links":{"self":[{"href":"https:\/\/vecinosdelinterior.com\/index.php\/wp-json\/wp\/v2\/posts\/6115","targetHints":{"allow":["GET"]}}],"collection":[{"href":"https:\/\/vecinosdelinterior.com\/index.php\/wp-json\/wp\/v2\/posts"}],"about":[{"href":"https:\/\/vecinosdelinterior.com\/index.php\/wp-json\/wp\/v2\/types\/post"}],"author":[{"embeddable":true,"href":"https:\/\/vecinosdelinterior.com\/index.php\/wp-json\/wp\/v2\/users\/1"}],"replies":[{"embeddable":true,"href":"https:\/\/vecinosdelinterior.com\/index.php\/wp-json\/wp\/v2\/comments?post=6115"}],"version-history":[{"count":1,"href":"https:\/\/vecinosdelinterior.com\/index.php\/wp-json\/wp\/v2\/posts\/6115\/revisions"}],"predecessor-version":[{"id":6117,"href":"https:\/\/vecinosdelinterior.com\/index.php\/wp-json\/wp\/v2\/posts\/6115\/revisions\/6117"}],"wp:featuredmedia":[{"embeddable":true,"href":"https:\/\/vecinosdelinterior.com\/index.php\/wp-json\/wp\/v2\/media\/6116"}],"wp:attachment":[{"href":"https:\/\/vecinosdelinterior.com\/index.php\/wp-json\/wp\/v2\/media?parent=6115"}],"wp:term":[{"taxonomy":"category","embeddable":true,"href":"https:\/\/vecinosdelinterior.com\/index.php\/wp-json\/wp\/v2\/categories?post=6115"},{"taxonomy":"post_tag","embeddable":true,"href":"https:\/\/vecinosdelinterior.com\/index.php\/wp-json\/wp\/v2\/tags?post=6115"}],"curies":[{"name":"wp","href":"https:\/\/api.w.org\/{rel}","templated":true}]}}