{"id":6118,"date":"2026-01-21T11:44:14","date_gmt":"2026-01-21T14:44:14","guid":{"rendered":"https:\/\/vecinosdelinterior.com\/?p=6118"},"modified":"2026-01-21T11:44:14","modified_gmt":"2026-01-21T14:44:14","slug":"conmocion-en-santa-rosa-del-conlara-por-el-ataque-a-una-menor","status":"publish","type":"post","link":"https:\/\/vecinosdelinterior.com\/index.php\/2026\/01\/21\/conmocion-en-santa-rosa-del-conlara-por-el-ataque-a-una-menor\/","title":{"rendered":"Conmoci\u00f3n en Santa Rosa del Conlara por el ataque a una menor"},"content":{"rendered":"\n<p>VECINOSDELINTERIOR.COM \/ 20 DE ENERO<br>Una ni\u00f1a de 10 a\u00f1os sufri\u00f3 heridas cortantes en el cuello este martes al mediod\u00eda en una vivienda de la zona rural conocida como Los Peros, a unos seis kil\u00f3metros de Santa Rosa del Conlara. El hecho es investigado por la Polic\u00eda, que ya detuvo al principal sospechoso.<br>El presunto agresor es un hombre mayor de edad, que habr\u00eda atacado a la menor cuando se encontraba sola en el domicilio. Su madre hab\u00eda salido por algunas horas y, al regresar, encontr\u00f3 a la ni\u00f1a con lesiones visibles.<br>Con la intervenci\u00f3n de la fiscal de Instrucci\u00f3n Lucila Giampieri, personal del Departamento de Homicidios y de la Direcci\u00f3n de Investigaciones realiz\u00f3 las pericias correspondientes. Se sumaron efectivos de Canes de la DG\u201112 y se dio aviso a la DG\u20116 Polic\u00eda Caminera, que cerr\u00f3 el per\u00edmetro de la zona para dar con el sospechoso.<br>A partir de datos obtenidos y del an\u00e1lisis de c\u00e1maras de seguridad, se logr\u00f3 identificar al hombre se\u00f1alado como presunto autor. Qued\u00f3 demorado en Santa Rosa del Conlara, a disposici\u00f3n de la Justicia.<br>Horas m\u00e1s tarde, qued\u00f3 detenido. La Polic\u00eda inform\u00f3 que el hombre tiene antecedentes penales: estuvo preso durante 21 a\u00f1os en complejos penitenciarios de la provincia de San Luis, cumpliendo una condena de prisi\u00f3n perpetua por el delito de homicidio agravado, dictada en el a\u00f1o 2004.<br>En la actualidad, se encontraba en libertad condicional, beneficio que le fue otorgado el 16 de octubre de 2025 por el Juzgado de Ejecuci\u00f3n Penal de la ciudad de Villa Mercedes<br>La menor permanece internada en el Hospital Madre Catalina Rodr\u00edguez, de Villa de Merlo, acompa\u00f1ada por su familia. La Polic\u00eda inform\u00f3 que aguarda instrucciones judiciales para continuar con las actuaciones.<\/p>\n","protected":false},"excerpt":{"rendered":"<p>VECINOSDELINTERIOR.COM \/ 20 DE ENEROUna ni\u00f1a de 10 a\u00f1os sufri\u00f3 heridas cortantes en el cuello este martes al mediod\u00eda en una vivienda de la zona rural conocida como Los Peros, a unos seis kil\u00f3metros de Santa Rosa del Conlara. El hecho es investigado por la Polic\u00eda, que ya detuvo al principal sospechoso.El presunto agresor es [&hellip;]<\/p>\n","protected":false},"author":1,"featured_media":6119,"comment_status":"open","ping_status":"open","sticky":false,"template":"","format":"standard","meta":{"footnotes":""},"categories":[23,45],"tags":[213],"class_list":["post-6118","post","type-post","status-publish","format-standard","has-post-thumbnail","hentry","category-junin","category-santa-rosa-del-conlara","tag-policial"],"_links":{"self":[{"href":"https:\/\/vecinosdelinterior.com\/index.php\/wp-json\/wp\/v2\/posts\/6118","targetHints":{"allow":["GET"]}}],"collection":[{"href":"https:\/\/vecinosdelinterior.com\/index.php\/wp-json\/wp\/v2\/posts"}],"about":[{"href":"https:\/\/vecinosdelinterior.com\/index.php\/wp-json\/wp\/v2\/types\/post"}],"author":[{"embeddable":true,"href":"https:\/\/vecinosdelinterior.com\/index.php\/wp-json\/wp\/v2\/users\/1"}],"replies":[{"embeddable":true,"href":"https:\/\/vecinosdelinterior.com\/index.php\/wp-json\/wp\/v2\/comments?post=6118"}],"version-history":[{"count":1,"href":"https:\/\/vecinosdelinterior.com\/index.php\/wp-json\/wp\/v2\/posts\/6118\/revisions"}],"predecessor-version":[{"id":6120,"href":"https:\/\/vecinosdelinterior.com\/index.php\/wp-json\/wp\/v2\/posts\/6118\/revisions\/6120"}],"wp:featuredmedia":[{"embeddable":true,"href":"https:\/\/vecinosdelinterior.com\/index.php\/wp-json\/wp\/v2\/media\/6119"}],"wp:attachment":[{"href":"https:\/\/vecinosdelinterior.com\/index.php\/wp-json\/wp\/v2\/media?parent=6118"}],"wp:term":[{"taxonomy":"category","embeddable":true,"href":"https:\/\/vecinosdelinterior.com\/index.php\/wp-json\/wp\/v2\/categories?post=6118"},{"taxonomy":"post_tag","embeddable":true,"href":"https:\/\/vecinosdelinterior.com\/index.php\/wp-json\/wp\/v2\/tags?post=6118"}],"curies":[{"name":"wp","href":"https:\/\/api.w.org\/{rel}","templated":true}]}}