{"id":6121,"date":"2026-01-20T11:44:18","date_gmt":"2026-01-20T14:44:18","guid":{"rendered":"https:\/\/vecinosdelinterior.com\/?p=6121"},"modified":"2026-01-21T11:45:54","modified_gmt":"2026-01-21T14:45:54","slug":"paseo-del-emprendedor-un-atractivo-turistico-en-leandro-alem","status":"publish","type":"post","link":"https:\/\/vecinosdelinterior.com\/index.php\/2026\/01\/20\/paseo-del-emprendedor-un-atractivo-turistico-en-leandro-alem\/","title":{"rendered":"Paseo del Emprendedor, un atractivo tur\u00edstico en Leandro Alem"},"content":{"rendered":"\n<p>Vecinos del Interior Puntano \/ 20 de enero<br>El s\u00e1bado 24, a partir de las 18:00, la plaza San Mart\u00edn ser\u00e1 punto de encuentro para los vecinos y los turistas. Habr\u00e1 stands de artesanos y emprendedores, quienes exhibir\u00e1n productos regionales y sus creaciones.<br>Leandro Alem apuesta al desarrollo tur\u00edstico y cultural a trav\u00e9s de iniciativas que ponen en valor la producci\u00f3n local y el encuentro popular. En ese marco, el Paseo del Emprendedor se presenta como una propuesta destacada que combina econom\u00eda local, identidad cultural y entretenimiento para toda la familia.<br>El pr\u00f3ximo s\u00e1bado 24 de enero, a partir de las 18:00, la plaza San Mart\u00edn ser\u00e1 el punto de encuentro para vecinos y visitantes que podr\u00e1n recorrer los distintos stands de artesanos y emprendedores, quienes exhibir\u00e1n productos regionales, elaboraciones artesanales y creaciones que reflejan el trabajo, la creatividad y el esfuerzo de los artesanos.<\/p>\n\n\n\n<figure class=\"wp-block-image size-full\"><img fetchpriority=\"high\" decoding=\"async\" width=\"737\" height=\"583\" src=\"https:\/\/vecinosdelinterior.com\/wp-content\/uploads\/2026\/01\/21-1-2026-11-44-43.png\" alt=\"\" class=\"wp-image-6122\" srcset=\"https:\/\/vecinosdelinterior.com\/wp-content\/uploads\/2026\/01\/21-1-2026-11-44-43.png 737w, https:\/\/vecinosdelinterior.com\/wp-content\/uploads\/2026\/01\/21-1-2026-11-44-43-300x237.png 300w\" sizes=\"(max-width: 737px) 100vw, 737px\" \/><\/figure>\n\n\n\n<p><br>Este evento propone un encuentro familiar, con un ambiente distendido y pensado para disfrutar al aire libre. La jornada se completa con un show en vivo de Los Tropikales del Norte, que aportar\u00e1n m\u00fasica y alegr\u00eda, convirtiendo la propuesta en una verdadera fiesta popular.<br>El Paseo del Emprendedor no solo impulsa la econom\u00eda social, sino que tambi\u00e9n se posiciona como un atractivo tur\u00edstico, ya que invita a conocer los sabores, saberes y tradiciones locales, fortaleciendo el v\u00ednculo entre cultura y turismo, generando experiencias aut\u00e9nticas para quienes eligen visitar la regi\u00f3n.<br>Para descubrir<br>Leandro Alem es un tranquilo pueblo en el departamento Ayacucho, al norte de la provincia de San Luis, conocido por su paisaje serrano, sus tradiciones y su desarrollo tur\u00edstico basado en la naturaleza, con atractivos como pinturas rupestres, r\u00edos y senderismo, con eventos como el Festival Provincial del Durazno y su Fiesta de la Virgen del Rosario, en un rico entorno natural y cultural.<br>Se encuentra a 110 kil\u00f3metros de la ciudad de San Luis, rodeado de sierras, con paisajes naturales y calles tranquilas, algunas de tierra. La naturaleza sorprende en el r\u00edo La Majada (con balneario, pileta y asadores), r\u00edo San Francisco, Cerro La Majada y zonas como Las Parrillas y Los Morteros para recreaci\u00f3n.<br>Tambi\u00e9n se puede visitar las Pinturas rupestres en la Piedra del Indio, la iglesia Nuestra Se\u00f1ora del Rosario (1899) y el Museo Hist\u00f3rico y realizar trekking (al Realito), cabalgatas, senderismo, y avistaje de aves.<\/p>\n","protected":false},"excerpt":{"rendered":"<p>Vecinos del Interior Puntano \/ 20 de eneroEl s\u00e1bado 24, a partir de las 18:00, la plaza San Mart\u00edn ser\u00e1 punto de encuentro para los vecinos y los turistas. Habr\u00e1 stands de artesanos y emprendedores, quienes exhibir\u00e1n productos regionales y sus creaciones.Leandro Alem apuesta al desarrollo tur\u00edstico y cultural a trav\u00e9s de iniciativas que ponen [&hellip;]<\/p>\n","protected":false},"author":1,"featured_media":6122,"comment_status":"open","ping_status":"open","sticky":false,"template":"","format":"standard","meta":{"footnotes":""},"categories":[92],"tags":[],"class_list":["post-6121","post","type-post","status-publish","format-standard","has-post-thumbnail","hentry","category-belgrano"],"_links":{"self":[{"href":"https:\/\/vecinosdelinterior.com\/index.php\/wp-json\/wp\/v2\/posts\/6121","targetHints":{"allow":["GET"]}}],"collection":[{"href":"https:\/\/vecinosdelinterior.com\/index.php\/wp-json\/wp\/v2\/posts"}],"about":[{"href":"https:\/\/vecinosdelinterior.com\/index.php\/wp-json\/wp\/v2\/types\/post"}],"author":[{"embeddable":true,"href":"https:\/\/vecinosdelinterior.com\/index.php\/wp-json\/wp\/v2\/users\/1"}],"replies":[{"embeddable":true,"href":"https:\/\/vecinosdelinterior.com\/index.php\/wp-json\/wp\/v2\/comments?post=6121"}],"version-history":[{"count":1,"href":"https:\/\/vecinosdelinterior.com\/index.php\/wp-json\/wp\/v2\/posts\/6121\/revisions"}],"predecessor-version":[{"id":6123,"href":"https:\/\/vecinosdelinterior.com\/index.php\/wp-json\/wp\/v2\/posts\/6121\/revisions\/6123"}],"wp:featuredmedia":[{"embeddable":true,"href":"https:\/\/vecinosdelinterior.com\/index.php\/wp-json\/wp\/v2\/media\/6122"}],"wp:attachment":[{"href":"https:\/\/vecinosdelinterior.com\/index.php\/wp-json\/wp\/v2\/media?parent=6121"}],"wp:term":[{"taxonomy":"category","embeddable":true,"href":"https:\/\/vecinosdelinterior.com\/index.php\/wp-json\/wp\/v2\/categories?post=6121"},{"taxonomy":"post_tag","embeddable":true,"href":"https:\/\/vecinosdelinterior.com\/index.php\/wp-json\/wp\/v2\/tags?post=6121"}],"curies":[{"name":"wp","href":"https:\/\/api.w.org\/{rel}","templated":true}]}}