{"id":6128,"date":"2026-01-19T11:49:09","date_gmt":"2026-01-19T14:49:09","guid":{"rendered":"https:\/\/vecinosdelinterior.com\/?p=6128"},"modified":"2026-01-21T11:50:16","modified_gmt":"2026-01-21T14:50:16","slug":"formularon-los-cargos-contra-los-asesinos-de-mario-lucero-del-trapiche-deudas-por-un-terreno-habria-sido-el-movil","status":"publish","type":"post","link":"https:\/\/vecinosdelinterior.com\/index.php\/2026\/01\/19\/formularon-los-cargos-contra-los-asesinos-de-mario-lucero-del-trapiche-deudas-por-un-terreno-habria-sido-el-movil\/","title":{"rendered":"Formularon los cargos contra los asesinos de Mario Lucero del Trapiche. Deudas por un terreno habr\u00eda sido el m\u00f3vil."},"content":{"rendered":"\n<p>VECINOSDELINTERIOR.COM \/ 19 DE ENERO<br>Este lunes 19 de enero de 2026 se realiz\u00f3 la audiencia de formulaci\u00f3n de cargos en la causa que investiga el homicidio de Mario Juan Lucero Miranda, ocurrido en la localidad de El Trapiche. Durante la instancia judicial, el Ministerio P\u00fablico Fiscal, a trav\u00e9s de la Fiscal\u00eda de Instrucci\u00f3n N\u00ba 5, imput\u00f3 a Omar Enrique Rodr\u00edguez y Marcos Andr\u00e9s Fal\u00f3n, ambos vecinos de la localidad, como coautores funcionales del delito de homicidio agravado por alevos\u00eda, y solicit\u00f3 para ambos la prisi\u00f3n preventiva por 120 d\u00edas, argumentando riesgos procesales y la necesidad de producir pruebas pendientes.<br>Seg\u00fan la reconstrucci\u00f3n fiscal, el hecho se habr\u00eda desencadenado tras una discusi\u00f3n vinculada a una deuda por la compra de un terreno. En ese contexto, Rodr\u00edguez habr\u00eda efectuado varios disparos contra la v\u00edctima, quien ya herida y tendida en la v\u00eda p\u00fablica, habr\u00eda seguido siendo atacada, mientras Fal\u00f3n participaba con patadas en la cabeza, incrementando la gravedad del ataque. Ambos acusados se dieron a la fuga tras el hecho y fueron detenidos posteriormente en sus domicilios. El informe de autopsia determin\u00f3 que la muerte se produjo por un shock hipovol\u00e9mico agudo, consecuencia de dos heridas de arma de fuego, una de ellas con compromiso letal de la aorta.<\/p>\n","protected":false},"excerpt":{"rendered":"<p>VECINOSDELINTERIOR.COM \/ 19 DE ENEROEste lunes 19 de enero de 2026 se realiz\u00f3 la audiencia de formulaci\u00f3n de cargos en la causa que investiga el homicidio de Mario Juan Lucero Miranda, ocurrido en la localidad de El Trapiche. Durante la instancia judicial, el Ministerio P\u00fablico Fiscal, a trav\u00e9s de la Fiscal\u00eda de Instrucci\u00f3n N\u00ba 5, [&hellip;]<\/p>\n","protected":false},"author":1,"featured_media":6129,"comment_status":"open","ping_status":"open","sticky":false,"template":"","format":"standard","meta":{"footnotes":""},"categories":[99,2],"tags":[213],"class_list":["post-6128","post","type-post","status-publish","format-standard","has-post-thumbnail","hentry","category-el-trapiche","category-pringles","tag-policial"],"_links":{"self":[{"href":"https:\/\/vecinosdelinterior.com\/index.php\/wp-json\/wp\/v2\/posts\/6128","targetHints":{"allow":["GET"]}}],"collection":[{"href":"https:\/\/vecinosdelinterior.com\/index.php\/wp-json\/wp\/v2\/posts"}],"about":[{"href":"https:\/\/vecinosdelinterior.com\/index.php\/wp-json\/wp\/v2\/types\/post"}],"author":[{"embeddable":true,"href":"https:\/\/vecinosdelinterior.com\/index.php\/wp-json\/wp\/v2\/users\/1"}],"replies":[{"embeddable":true,"href":"https:\/\/vecinosdelinterior.com\/index.php\/wp-json\/wp\/v2\/comments?post=6128"}],"version-history":[{"count":1,"href":"https:\/\/vecinosdelinterior.com\/index.php\/wp-json\/wp\/v2\/posts\/6128\/revisions"}],"predecessor-version":[{"id":6130,"href":"https:\/\/vecinosdelinterior.com\/index.php\/wp-json\/wp\/v2\/posts\/6128\/revisions\/6130"}],"wp:featuredmedia":[{"embeddable":true,"href":"https:\/\/vecinosdelinterior.com\/index.php\/wp-json\/wp\/v2\/media\/6129"}],"wp:attachment":[{"href":"https:\/\/vecinosdelinterior.com\/index.php\/wp-json\/wp\/v2\/media?parent=6128"}],"wp:term":[{"taxonomy":"category","embeddable":true,"href":"https:\/\/vecinosdelinterior.com\/index.php\/wp-json\/wp\/v2\/categories?post=6128"},{"taxonomy":"post_tag","embeddable":true,"href":"https:\/\/vecinosdelinterior.com\/index.php\/wp-json\/wp\/v2\/tags?post=6128"}],"curies":[{"name":"wp","href":"https:\/\/api.w.org\/{rel}","templated":true}]}}