{"id":6158,"date":"2026-01-22T23:03:36","date_gmt":"2026-01-23T02:03:36","guid":{"rendered":"https:\/\/vecinosdelinterior.com\/?p=6158"},"modified":"2026-01-22T23:03:37","modified_gmt":"2026-01-23T02:03:37","slug":"contuvieron-un-incendio-de-grandes-proporciones-en-la-zona-cercana-a-villa-larca-y-concaran","status":"publish","type":"post","link":"https:\/\/vecinosdelinterior.com\/index.php\/2026\/01\/22\/contuvieron-un-incendio-de-grandes-proporciones-en-la-zona-cercana-a-villa-larca-y-concaran\/","title":{"rendered":"Contuvieron un incendio de grandes proporciones en la zona cercana a Villa Larca y Concar\u00e1n"},"content":{"rendered":"\n<p>Bomberos Voluntarios se encuentra trabajaron en un incendio de importantes caracter\u00edsticas registrado sobre la Ruta Provincial N\u00b0 6, que une las localidades de Concar\u00e1n y Villa Larca.<br>Intervinieron varias dotaciones de bomberos a lo largo de toda la tarde, entre estas: los Cuarteles de Bomberos Voluntarios de Concar\u00e1n, Villa Larca, Los Molles, Carpinter\u00eda, Villa de Merlo, San Pablo, Tilisarao, Papagayos y Santa Rosa del Conlara.<br>La polic\u00eda debi\u00f3 realizar cortes preventivos sobre la ruta y sectores aleda\u00f1os, con el objetivo de resguardar la seguridad de los vecinos y de quienes transitaban por el lugar.<br>Finalmente fue contenido y actualmente se monta una guardia de cenizas.<\/p>\n\n\n\n<figure class=\"wp-block-image size-full\"><a href=\"https:\/\/www.facebook.com\/reel\/865322572962794\"><img fetchpriority=\"high\" decoding=\"async\" width=\"341\" height=\"436\" src=\"https:\/\/vecinosdelinterior.com\/wp-content\/uploads\/2026\/01\/22-1-2026-23-02-01.png\" alt=\"\" class=\"wp-image-6159\" srcset=\"https:\/\/vecinosdelinterior.com\/wp-content\/uploads\/2026\/01\/22-1-2026-23-02-01.png 341w, https:\/\/vecinosdelinterior.com\/wp-content\/uploads\/2026\/01\/22-1-2026-23-02-01-235x300.png 235w\" sizes=\"(max-width: 341px) 100vw, 341px\" \/><\/a><\/figure>\n","protected":false},"excerpt":{"rendered":"<p>Bomberos Voluntarios se encuentra trabajaron en un incendio de importantes caracter\u00edsticas registrado sobre la Ruta Provincial N\u00b0 6, que une las localidades de Concar\u00e1n y Villa Larca.Intervinieron varias dotaciones de bomberos a lo largo de toda la tarde, entre estas: los Cuarteles de Bomberos Voluntarios de Concar\u00e1n, Villa Larca, Los Molles, Carpinter\u00eda, Villa de Merlo, [&hellip;]<\/p>\n","protected":false},"author":1,"featured_media":6159,"comment_status":"open","ping_status":"open","sticky":false,"template":"","format":"standard","meta":{"footnotes":""},"categories":[29,30],"tags":[176],"class_list":["post-6158","post","type-post","status-publish","format-standard","has-post-thumbnail","hentry","category-chacabuco","category-tilisarao","tag-medioambiente"],"_links":{"self":[{"href":"https:\/\/vecinosdelinterior.com\/index.php\/wp-json\/wp\/v2\/posts\/6158","targetHints":{"allow":["GET"]}}],"collection":[{"href":"https:\/\/vecinosdelinterior.com\/index.php\/wp-json\/wp\/v2\/posts"}],"about":[{"href":"https:\/\/vecinosdelinterior.com\/index.php\/wp-json\/wp\/v2\/types\/post"}],"author":[{"embeddable":true,"href":"https:\/\/vecinosdelinterior.com\/index.php\/wp-json\/wp\/v2\/users\/1"}],"replies":[{"embeddable":true,"href":"https:\/\/vecinosdelinterior.com\/index.php\/wp-json\/wp\/v2\/comments?post=6158"}],"version-history":[{"count":1,"href":"https:\/\/vecinosdelinterior.com\/index.php\/wp-json\/wp\/v2\/posts\/6158\/revisions"}],"predecessor-version":[{"id":6160,"href":"https:\/\/vecinosdelinterior.com\/index.php\/wp-json\/wp\/v2\/posts\/6158\/revisions\/6160"}],"wp:featuredmedia":[{"embeddable":true,"href":"https:\/\/vecinosdelinterior.com\/index.php\/wp-json\/wp\/v2\/media\/6159"}],"wp:attachment":[{"href":"https:\/\/vecinosdelinterior.com\/index.php\/wp-json\/wp\/v2\/media?parent=6158"}],"wp:term":[{"taxonomy":"category","embeddable":true,"href":"https:\/\/vecinosdelinterior.com\/index.php\/wp-json\/wp\/v2\/categories?post=6158"},{"taxonomy":"post_tag","embeddable":true,"href":"https:\/\/vecinosdelinterior.com\/index.php\/wp-json\/wp\/v2\/tags?post=6158"}],"curies":[{"name":"wp","href":"https:\/\/api.w.org\/{rel}","templated":true}]}}