{"id":6171,"date":"2026-01-25T17:18:00","date_gmt":"2026-01-25T20:18:00","guid":{"rendered":"https:\/\/vecinosdelinterior.com\/?p=6171"},"modified":"2026-01-25T19:19:29","modified_gmt":"2026-01-25T22:19:29","slug":"san-francisco-del-monte-de-oro-vivira-cuatro-dias-de-fiesta-con-el-carnaval-y-el-festival-del-gaucho","status":"publish","type":"post","link":"https:\/\/vecinosdelinterior.com\/index.php\/2026\/01\/25\/san-francisco-del-monte-de-oro-vivira-cuatro-dias-de-fiesta-con-el-carnaval-y-el-festival-del-gaucho\/","title":{"rendered":"San Francisco del Monte de Oro vivir\u00e1 cuatro d\u00edas de fiesta con el Carnaval y el Festival del Gaucho"},"content":{"rendered":"\n<p>VECINOSDELINTERIOR.COM \/ 25 DE ENERO<br>San Francisco del Monte de Oro se convertir\u00e1 en un verdadero polo de atracci\u00f3n tur\u00edstica y cultural con una agenda de cuatro d\u00edas consecutivos de festejos que conjugan m\u00fasica, color, tradici\u00f3n e identidad. Del 28 al 31 de enero, vecinos y visitantes podr\u00e1n disfrutar del Carnaval 2026 y del Festival Provincial del Gaucho, dos eventos que ya forman parte del calendario cultural de la regi\u00f3n y que convocan a p\u00fablico de todas las edades.<br>Estas celebraci\u00f3n no solo ofrece entretenimiento y encuentro popular, sino que tambi\u00e9n refuerza el posicionamiento de San Francisco como destino tur\u00edstico, combinando propuestas culturales con el encanto natural, hist\u00f3rico y patrimonial que caracteriza a la localidad serrana.<br>Los d\u00edas 28 y 29 de enero, la tradicional plaza Pringles ser\u00e1 el coraz\u00f3n del festejo con la realizaci\u00f3n del Carnaval 2026. Durante ambas jornadas, el p\u00fablico podr\u00e1 disfrutar de m\u00fasica en vivo, comparsas, baile y un clima festivo, pensado para compartir en familia y con amigos. La entrada ser\u00e1 libre y gratuita.<br>El festejo continuar\u00e1 los d\u00edas 30 y 31 de enero en el predio de la agrupaci\u00f3n gaucha, con la realizaci\u00f3n del Festival Provincial del Gaucho, una de las celebraciones m\u00e1s representativas de la cultura tradicional sanluise\u00f1a.<\/p>\n\n\n\n<figure class=\"wp-block-gallery has-nested-images columns-default is-cropped wp-block-gallery-1 is-layout-flex wp-block-gallery-is-layout-flex\">\n<figure class=\"wp-block-image size-large\"><img fetchpriority=\"high\" decoding=\"async\" width=\"500\" height=\"412\" data-id=\"6172\" src=\"https:\/\/vecinosdelinterior.com\/wp-content\/uploads\/2026\/01\/SAN-FRANCISCO-CARNAVAL-Y-FESTIVAL-4-500x412-1.jpg\" alt=\"\" class=\"wp-image-6172\" srcset=\"https:\/\/vecinosdelinterior.com\/wp-content\/uploads\/2026\/01\/SAN-FRANCISCO-CARNAVAL-Y-FESTIVAL-4-500x412-1.jpg 500w, https:\/\/vecinosdelinterior.com\/wp-content\/uploads\/2026\/01\/SAN-FRANCISCO-CARNAVAL-Y-FESTIVAL-4-500x412-1-300x247.jpg 300w\" sizes=\"(max-width: 500px) 100vw, 500px\" \/><\/figure>\n\n\n\n<figure class=\"wp-block-image size-large\"><img decoding=\"async\" width=\"1024\" height=\"683\" data-id=\"6173\" src=\"https:\/\/vecinosdelinterior.com\/wp-content\/uploads\/2026\/01\/SAN-FRANCISCO-CARNAVAL-Y-FESTIVAL-6-1024x683.jpg\" alt=\"\" class=\"wp-image-6173\" srcset=\"https:\/\/vecinosdelinterior.com\/wp-content\/uploads\/2026\/01\/SAN-FRANCISCO-CARNAVAL-Y-FESTIVAL-6-1024x683.jpg 1024w, https:\/\/vecinosdelinterior.com\/wp-content\/uploads\/2026\/01\/SAN-FRANCISCO-CARNAVAL-Y-FESTIVAL-6-300x200.jpg 300w, https:\/\/vecinosdelinterior.com\/wp-content\/uploads\/2026\/01\/SAN-FRANCISCO-CARNAVAL-Y-FESTIVAL-6-768x512.jpg 768w, https:\/\/vecinosdelinterior.com\/wp-content\/uploads\/2026\/01\/SAN-FRANCISCO-CARNAVAL-Y-FESTIVAL-6-750x500.jpg 750w, https:\/\/vecinosdelinterior.com\/wp-content\/uploads\/2026\/01\/SAN-FRANCISCO-CARNAVAL-Y-FESTIVAL-6-1140x760.jpg 1140w, https:\/\/vecinosdelinterior.com\/wp-content\/uploads\/2026\/01\/SAN-FRANCISCO-CARNAVAL-Y-FESTIVAL-6.jpg 1215w\" sizes=\"(max-width: 1024px) 100vw, 1024px\" \/><\/figure>\n\n\n\n<figure class=\"wp-block-image size-large\"><img decoding=\"async\" width=\"819\" height=\"1024\" data-id=\"6174\" src=\"https:\/\/vecinosdelinterior.com\/wp-content\/uploads\/2026\/01\/SAN-FRANCISCO-CARNAVAL-Y-FESTIVAL-2-819x1024.jpg\" alt=\"\" class=\"wp-image-6174\" srcset=\"https:\/\/vecinosdelinterior.com\/wp-content\/uploads\/2026\/01\/SAN-FRANCISCO-CARNAVAL-Y-FESTIVAL-2-819x1024.jpg 819w, https:\/\/vecinosdelinterior.com\/wp-content\/uploads\/2026\/01\/SAN-FRANCISCO-CARNAVAL-Y-FESTIVAL-2-240x300.jpg 240w, https:\/\/vecinosdelinterior.com\/wp-content\/uploads\/2026\/01\/SAN-FRANCISCO-CARNAVAL-Y-FESTIVAL-2-768x960.jpg 768w, https:\/\/vecinosdelinterior.com\/wp-content\/uploads\/2026\/01\/SAN-FRANCISCO-CARNAVAL-Y-FESTIVAL-2-1229x1536.jpg 1229w, https:\/\/vecinosdelinterior.com\/wp-content\/uploads\/2026\/01\/SAN-FRANCISCO-CARNAVAL-Y-FESTIVAL-2-750x938.jpg 750w, https:\/\/vecinosdelinterior.com\/wp-content\/uploads\/2026\/01\/SAN-FRANCISCO-CARNAVAL-Y-FESTIVAL-2-1140x1425.jpg 1140w, https:\/\/vecinosdelinterior.com\/wp-content\/uploads\/2026\/01\/SAN-FRANCISCO-CARNAVAL-Y-FESTIVAL-2.jpg 1440w\" sizes=\"(max-width: 819px) 100vw, 819px\" \/><\/figure>\n\n\n\n<figure class=\"wp-block-image size-large\"><img loading=\"lazy\" decoding=\"async\" width=\"819\" height=\"1024\" data-id=\"6175\" src=\"https:\/\/vecinosdelinterior.com\/wp-content\/uploads\/2026\/01\/SAN-FRANCISCO-CARNAVAL-Y-FESTIVAL-3-819x1024.jpg\" alt=\"\" class=\"wp-image-6175\" srcset=\"https:\/\/vecinosdelinterior.com\/wp-content\/uploads\/2026\/01\/SAN-FRANCISCO-CARNAVAL-Y-FESTIVAL-3-819x1024.jpg 819w, https:\/\/vecinosdelinterior.com\/wp-content\/uploads\/2026\/01\/SAN-FRANCISCO-CARNAVAL-Y-FESTIVAL-3-240x300.jpg 240w, https:\/\/vecinosdelinterior.com\/wp-content\/uploads\/2026\/01\/SAN-FRANCISCO-CARNAVAL-Y-FESTIVAL-3-768x960.jpg 768w, https:\/\/vecinosdelinterior.com\/wp-content\/uploads\/2026\/01\/SAN-FRANCISCO-CARNAVAL-Y-FESTIVAL-3-1229x1536.jpg 1229w, https:\/\/vecinosdelinterior.com\/wp-content\/uploads\/2026\/01\/SAN-FRANCISCO-CARNAVAL-Y-FESTIVAL-3-750x938.jpg 750w, https:\/\/vecinosdelinterior.com\/wp-content\/uploads\/2026\/01\/SAN-FRANCISCO-CARNAVAL-Y-FESTIVAL-3-1140x1425.jpg 1140w, https:\/\/vecinosdelinterior.com\/wp-content\/uploads\/2026\/01\/SAN-FRANCISCO-CARNAVAL-Y-FESTIVAL-3.jpg 1440w\" sizes=\"(max-width: 819px) 100vw, 819px\" \/><\/figure>\n<\/figure>\n\n\n\n<p><br>Con una propuesta que incluye doma, folclore, chamam\u00e9, danza y expresiones t\u00edpicas de la tradici\u00f3n criolla, el festival busca revalorizar las ra\u00edces culturales y el orgullo gaucho, convocando a agrupaciones tradicionalistas, familias y amantes de las costumbres argentinas. La entrada ser\u00e1 popular, facilitando el acceso a una experiencia cultural aut\u00e9ntica y profundamente identitaria.<br>La realizaci\u00f3n de estas celebraciones durante cuatro d\u00edas consecutivos genera un impacto positivo en el turismo, promoviendo la estad\u00eda de visitantes y potenciando la oferta gastron\u00f3mica, comercial y de servicios. As\u00ed, San Francisco del Monte de Oro reafirma su lugar como uno de los destinos culturales y tur\u00edsticos destacados del norte de San Luis.<\/p>\n","protected":false},"excerpt":{"rendered":"<p>VECINOSDELINTERIOR.COM \/ 25 DE ENEROSan Francisco del Monte de Oro se convertir\u00e1 en un verdadero polo de atracci\u00f3n tur\u00edstica y cultural con una agenda de cuatro d\u00edas consecutivos de festejos que conjugan m\u00fasica, color, tradici\u00f3n e identidad. Del 28 al 31 de enero, vecinos y visitantes podr\u00e1n disfrutar del Carnaval 2026 y del Festival Provincial [&hellip;]<\/p>\n","protected":false},"author":1,"featured_media":6172,"comment_status":"open","ping_status":"open","sticky":false,"template":"","format":"standard","meta":{"footnotes":""},"categories":[8,9],"tags":[333],"class_list":["post-6171","post","type-post","status-publish","format-standard","has-post-thumbnail","hentry","category-ayacucho","category-san-francisco","tag-festivales"],"_links":{"self":[{"href":"https:\/\/vecinosdelinterior.com\/index.php\/wp-json\/wp\/v2\/posts\/6171","targetHints":{"allow":["GET"]}}],"collection":[{"href":"https:\/\/vecinosdelinterior.com\/index.php\/wp-json\/wp\/v2\/posts"}],"about":[{"href":"https:\/\/vecinosdelinterior.com\/index.php\/wp-json\/wp\/v2\/types\/post"}],"author":[{"embeddable":true,"href":"https:\/\/vecinosdelinterior.com\/index.php\/wp-json\/wp\/v2\/users\/1"}],"replies":[{"embeddable":true,"href":"https:\/\/vecinosdelinterior.com\/index.php\/wp-json\/wp\/v2\/comments?post=6171"}],"version-history":[{"count":1,"href":"https:\/\/vecinosdelinterior.com\/index.php\/wp-json\/wp\/v2\/posts\/6171\/revisions"}],"predecessor-version":[{"id":6176,"href":"https:\/\/vecinosdelinterior.com\/index.php\/wp-json\/wp\/v2\/posts\/6171\/revisions\/6176"}],"wp:featuredmedia":[{"embeddable":true,"href":"https:\/\/vecinosdelinterior.com\/index.php\/wp-json\/wp\/v2\/media\/6172"}],"wp:attachment":[{"href":"https:\/\/vecinosdelinterior.com\/index.php\/wp-json\/wp\/v2\/media?parent=6171"}],"wp:term":[{"taxonomy":"category","embeddable":true,"href":"https:\/\/vecinosdelinterior.com\/index.php\/wp-json\/wp\/v2\/categories?post=6171"},{"taxonomy":"post_tag","embeddable":true,"href":"https:\/\/vecinosdelinterior.com\/index.php\/wp-json\/wp\/v2\/tags?post=6171"}],"curies":[{"name":"wp","href":"https:\/\/api.w.org\/{rel}","templated":true}]}}