{"id":6184,"date":"2026-01-25T07:21:00","date_gmt":"2026-01-25T10:21:00","guid":{"rendered":"https:\/\/vecinosdelinterior.com\/?p=6184"},"modified":"2026-01-25T19:22:24","modified_gmt":"2026-01-25T22:22:24","slug":"la-calera-colisionaron-un-auto-y-un-camion-en-la-ruta-nacional-n-o-147","status":"publish","type":"post","link":"https:\/\/vecinosdelinterior.com\/index.php\/2026\/01\/25\/la-calera-colisionaron-un-auto-y-un-camion-en-la-ruta-nacional-n-o-147\/","title":{"rendered":"La Calera: Colisionaron un auto y un cami\u00f3n en la Ruta Nacional N.\u00ba 147"},"content":{"rendered":"\n<p>VECINOSDELINTERIOR.COM \/ 25 DE ENERO<br>Durante la madrugada de este domingo 25 de enero, alrededor de las 03:50 horas, se produjo un accidente de tr\u00e1nsito en el ingreso a la localidad de La Calera, sobre la Ruta Nacional N.\u00ba 147, a la altura del kil\u00f3metro 860. El siniestro involucr\u00f3 a un cami\u00f3n con acoplado y un autom\u00f3vil.<\/p>\n\n\n\n<figure class=\"wp-block-gallery has-nested-images columns-default is-cropped wp-block-gallery-1 is-layout-flex wp-block-gallery-is-layout-flex\">\n<figure class=\"wp-block-image size-large\"><img fetchpriority=\"high\" decoding=\"async\" width=\"834\" height=\"540\" data-id=\"6185\" src=\"https:\/\/vecinosdelinterior.com\/wp-content\/uploads\/2026\/01\/622848049_755238987626790_408955839219810030_n.jpg\" alt=\"\" class=\"wp-image-6185\" srcset=\"https:\/\/vecinosdelinterior.com\/wp-content\/uploads\/2026\/01\/622848049_755238987626790_408955839219810030_n.jpg 834w, https:\/\/vecinosdelinterior.com\/wp-content\/uploads\/2026\/01\/622848049_755238987626790_408955839219810030_n-300x194.jpg 300w, https:\/\/vecinosdelinterior.com\/wp-content\/uploads\/2026\/01\/622848049_755238987626790_408955839219810030_n-768x497.jpg 768w, https:\/\/vecinosdelinterior.com\/wp-content\/uploads\/2026\/01\/622848049_755238987626790_408955839219810030_n-750x486.jpg 750w\" sizes=\"(max-width: 834px) 100vw, 834px\" \/><\/figure>\n<\/figure>\n\n\n\n<p><br>Seg\u00fan informaron desde la Subcomisar\u00eda 5.\u00aa de La Calera, y de acuerdo con las averiguaciones policiales y lo manifestado por el conductor del cami\u00f3n, un hombre de 53 a\u00f1os de edad, este circulaba por la Ruta Provincial N.\u00ba 35 y, al intentar incorporarse a la Ruta Nacional N.\u00ba 147, detuvo su marcha con intenciones de girar hacia la derecha. En ese momento, advirti\u00f3 una falla en el sistema de frenado, por lo que realiz\u00f3 una maniobra hacia la izquierda para evitar el vuelco.<br>Fue entonces cuando observ\u00f3 un autom\u00f3vil Renault Duster que circulaba por la Ruta Nacional N.\u00ba 147 en sentido San Juan\u2013San Luis. Debido a la proximidad entre ambos rodados, ninguno de los conductores logr\u00f3 realizar una maniobra evasiva, produci\u00e9ndose el impacto del autom\u00f3vil contra la parte del acoplado del cami\u00f3n.<br>En el veh\u00edculo de menor porte viajaban cinco personas: un hombre de 32 a\u00f1os, conductor del rodado; dos mujeres de 36 y 32 a\u00f1os; una mujer de 62 a\u00f1os y una menor de 2 a\u00f1os de edad. Como consecuencia del impacto, todos los ocupantes sufrieron diversas lesiones y fueron asistidos en el lugar por personal de salud. Posteriormente, la menor y dos de las mujeres fueron trasladadas en ambulancia al hospital Ram\u00f3n Carrillo.<br>Asimismo, personal de Bomberos realiz\u00f3 tareas de rescate para liberar a dos ocupantes del autom\u00f3vil \u2014el conductor y una mujer\u2014 que hab\u00edan quedado atrapados en el interior del veh\u00edculo. Una vez extra\u00eddos, ambos fueron trasladados al hospital, donde permanecen internados.<br>Las actuaciones contin\u00faan con las diligencias de rigor a fin de determinar la mec\u00e1nica del siniestro.<\/p>\n","protected":false},"excerpt":{"rendered":"<p>VECINOSDELINTERIOR.COM \/ 25 DE ENERODurante la madrugada de este domingo 25 de enero, alrededor de las 03:50 horas, se produjo un accidente de tr\u00e1nsito en el ingreso a la localidad de La Calera, sobre la Ruta Nacional N.\u00ba 147, a la altura del kil\u00f3metro 860. El siniestro involucr\u00f3 a un cami\u00f3n con acoplado y un [&hellip;]<\/p>\n","protected":false},"author":1,"featured_media":6185,"comment_status":"open","ping_status":"open","sticky":false,"template":"","format":"standard","meta":{"footnotes":""},"categories":[92,294],"tags":[],"class_list":["post-6184","post","type-post","status-publish","format-standard","has-post-thumbnail","hentry","category-belgrano","category-la-calera"],"_links":{"self":[{"href":"https:\/\/vecinosdelinterior.com\/index.php\/wp-json\/wp\/v2\/posts\/6184","targetHints":{"allow":["GET"]}}],"collection":[{"href":"https:\/\/vecinosdelinterior.com\/index.php\/wp-json\/wp\/v2\/posts"}],"about":[{"href":"https:\/\/vecinosdelinterior.com\/index.php\/wp-json\/wp\/v2\/types\/post"}],"author":[{"embeddable":true,"href":"https:\/\/vecinosdelinterior.com\/index.php\/wp-json\/wp\/v2\/users\/1"}],"replies":[{"embeddable":true,"href":"https:\/\/vecinosdelinterior.com\/index.php\/wp-json\/wp\/v2\/comments?post=6184"}],"version-history":[{"count":1,"href":"https:\/\/vecinosdelinterior.com\/index.php\/wp-json\/wp\/v2\/posts\/6184\/revisions"}],"predecessor-version":[{"id":6186,"href":"https:\/\/vecinosdelinterior.com\/index.php\/wp-json\/wp\/v2\/posts\/6184\/revisions\/6186"}],"wp:featuredmedia":[{"embeddable":true,"href":"https:\/\/vecinosdelinterior.com\/index.php\/wp-json\/wp\/v2\/media\/6185"}],"wp:attachment":[{"href":"https:\/\/vecinosdelinterior.com\/index.php\/wp-json\/wp\/v2\/media?parent=6184"}],"wp:term":[{"taxonomy":"category","embeddable":true,"href":"https:\/\/vecinosdelinterior.com\/index.php\/wp-json\/wp\/v2\/categories?post=6184"},{"taxonomy":"post_tag","embeddable":true,"href":"https:\/\/vecinosdelinterior.com\/index.php\/wp-json\/wp\/v2\/tags?post=6184"}],"curies":[{"name":"wp","href":"https:\/\/api.w.org\/{rel}","templated":true}]}}