{"id":6188,"date":"2026-01-24T19:29:39","date_gmt":"2026-01-24T22:29:39","guid":{"rendered":"https:\/\/vecinosdelinterior.com\/?p=6188"},"modified":"2026-01-25T19:30:57","modified_gmt":"2026-01-25T22:30:57","slug":"nogoli-musica-danza-tradicion-y-naturaleza-en-el-festival-de-las-aguas-claras","status":"publish","type":"post","link":"https:\/\/vecinosdelinterior.com\/index.php\/2026\/01\/24\/nogoli-musica-danza-tradicion-y-naturaleza-en-el-festival-de-las-aguas-claras\/","title":{"rendered":"Nogol\u00ed: m\u00fasica, danza, tradici\u00f3n y naturaleza en el Festival de las Aguas Claras"},"content":{"rendered":"\n<p>VECINOSDELINTERIOR.COM \/ 24 DE ENERO<br>El encuentro en la localidad del departamento Belgrano ser\u00e1 el s\u00e1bado 31, con actividades durante la ma\u00f1ana y la noche que fusionan m\u00fasica, danza y tradiciones gauchas en un evento clave para el turismo y la cultura de la regi\u00f3n.<br>Nogol\u00ed ser\u00e1 escenario del 22\u00b0 Festival Provincial de las Aguas Claras, que se realizar\u00e1 el s\u00e1bado 31 en el tradicional predio \u2018Genaro Jofr\u00e9\u2019. La propuesta combina m\u00fasica, danza, tradiciones gauchas y naturaleza, un evento clave para el turismo y la cultura de la regi\u00f3n.<br>Desde las 11:00, el festival dar\u00e1 inicio con el izamiento de banderas, seguido por el paseo tradicional de los gauchos, payadas a cargo de Gonzalo Rojo y Jon\u00e1s Guzm\u00e1n, y la presentaci\u00f3n de Los Hermanos Rivero. La jornada matutina tambi\u00e9n contar\u00e1 con ballets folcl\u00f3ricos, el D\u00fao Videla-Godoy, destrezas gauchas con premios en efectivo y el cierre musical de La Fant\u00e1stica.<\/p>\n\n\n\n<figure class=\"wp-block-gallery has-nested-images columns-default is-cropped wp-block-gallery-1 is-layout-flex wp-block-gallery-is-layout-flex\">\n<figure class=\"wp-block-image size-large\"><img fetchpriority=\"high\" decoding=\"async\" width=\"472\" height=\"590\" data-id=\"6189\" src=\"https:\/\/vecinosdelinterior.com\/wp-content\/uploads\/2026\/01\/NOGOLI-AGUAS-CLARAS-4.jpg\" alt=\"\" class=\"wp-image-6189\" srcset=\"https:\/\/vecinosdelinterior.com\/wp-content\/uploads\/2026\/01\/NOGOLI-AGUAS-CLARAS-4.jpg 472w, https:\/\/vecinosdelinterior.com\/wp-content\/uploads\/2026\/01\/NOGOLI-AGUAS-CLARAS-4-240x300.jpg 240w\" sizes=\"(max-width: 472px) 100vw, 472px\" \/><\/figure>\n\n\n\n<figure class=\"wp-block-image size-large\"><img decoding=\"async\" width=\"500\" height=\"412\" data-id=\"6191\" src=\"https:\/\/vecinosdelinterior.com\/wp-content\/uploads\/2026\/01\/NOGOLI-AGUAS-CLARAS-6-e1768921072698-500x412-1.jpg\" alt=\"\" class=\"wp-image-6191\" srcset=\"https:\/\/vecinosdelinterior.com\/wp-content\/uploads\/2026\/01\/NOGOLI-AGUAS-CLARAS-6-e1768921072698-500x412-1.jpg 500w, https:\/\/vecinosdelinterior.com\/wp-content\/uploads\/2026\/01\/NOGOLI-AGUAS-CLARAS-6-e1768921072698-500x412-1-300x247.jpg 300w\" sizes=\"(max-width: 500px) 100vw, 500px\" \/><\/figure>\n\n\n\n<figure class=\"wp-block-image size-large\"><img decoding=\"async\" width=\"472\" height=\"590\" data-id=\"6190\" src=\"https:\/\/vecinosdelinterior.com\/wp-content\/uploads\/2026\/01\/NOGOLI-AGUAS-CLARAS-5.jpg\" alt=\"\" class=\"wp-image-6190\" srcset=\"https:\/\/vecinosdelinterior.com\/wp-content\/uploads\/2026\/01\/NOGOLI-AGUAS-CLARAS-5.jpg 472w, https:\/\/vecinosdelinterior.com\/wp-content\/uploads\/2026\/01\/NOGOLI-AGUAS-CLARAS-5-240x300.jpg 240w\" sizes=\"(max-width: 472px) 100vw, 472px\" \/><\/figure>\n<\/figure>\n\n\n\n<p><br>Por la noche, a partir de las 20:30, el escenario mayor recibir\u00e1 a destacados artistas como Tres para el Canto, Luis Soloa (Fer y Facu), Dos en Cuyo, Mili y sus Amigos, Renzo Albelo, Oyarzabal Navarro y Los Sacheros Santiague\u00f1os, adem\u00e1s de una nutrida participaci\u00f3n de ballets folcl\u00f3ricos como Suspiros del Alma, Virgen del Roc\u00edo, Aguas Claras y Alma Gaucha. El gran cierre estar\u00e1 a cargo de Los Hermanitos Albelo.<br>La entrada general tendr\u00e1 un valor de $10.000, e incluir\u00e1 la participaci\u00f3n en el sorteo de una bicicleta. Recomiendan asistir con mesa, reposera y se recuerda que no est\u00e1 permitido el ingreso con conservadoras.<br>Quienes asistan al festival, podr\u00e1n disfrutar de una amplia propuesta art\u00edstica y cultural, que se complementar\u00e1 con foodtrucks, artesanos, destrezas gauchas y la tradicional elecci\u00f3n de la reina, en un espacio de encuentro para toda la familia y en un entorno natural privilegiado, junto al r\u00edo Nogol\u00ed y sus reconocidas aguas cristalinas.<br>El Festival Provincial de las Aguas Claras forma parte del programa \u201950 Festivales\u2019, impulsado por el Gobierno de San Luis, a trav\u00e9s del ministerio de Turismo y Cultura, junto a la Municipalidad de Nogol\u00ed, reafirmando el compromiso con la promoci\u00f3n del turismo cultural, el fortalecimiento de las tradiciones y el desarrollo de las econom\u00edas regionales.<br>Desde la organizaci\u00f3n invitan a vecinos y turistas a disfrutar de una jornada inolvidable donde la m\u00fasica, el folclore y la naturaleza se unen para celebrar la identidad local.<\/p>\n","protected":false},"excerpt":{"rendered":"<p>VECINOSDELINTERIOR.COM \/ 24 DE ENEROEl encuentro en la localidad del departamento Belgrano ser\u00e1 el s\u00e1bado 31, con actividades durante la ma\u00f1ana y la noche que fusionan m\u00fasica, danza y tradiciones gauchas en un evento clave para el turismo y la cultura de la regi\u00f3n.Nogol\u00ed ser\u00e1 escenario del 22\u00b0 Festival Provincial de las Aguas Claras, que [&hellip;]<\/p>\n","protected":false},"author":1,"featured_media":6191,"comment_status":"open","ping_status":"open","sticky":false,"template":"","format":"standard","meta":{"footnotes":""},"categories":[92,135],"tags":[333],"class_list":["post-6188","post","type-post","status-publish","format-standard","has-post-thumbnail","hentry","category-belgrano","category-nogoli","tag-festivales"],"_links":{"self":[{"href":"https:\/\/vecinosdelinterior.com\/index.php\/wp-json\/wp\/v2\/posts\/6188","targetHints":{"allow":["GET"]}}],"collection":[{"href":"https:\/\/vecinosdelinterior.com\/index.php\/wp-json\/wp\/v2\/posts"}],"about":[{"href":"https:\/\/vecinosdelinterior.com\/index.php\/wp-json\/wp\/v2\/types\/post"}],"author":[{"embeddable":true,"href":"https:\/\/vecinosdelinterior.com\/index.php\/wp-json\/wp\/v2\/users\/1"}],"replies":[{"embeddable":true,"href":"https:\/\/vecinosdelinterior.com\/index.php\/wp-json\/wp\/v2\/comments?post=6188"}],"version-history":[{"count":1,"href":"https:\/\/vecinosdelinterior.com\/index.php\/wp-json\/wp\/v2\/posts\/6188\/revisions"}],"predecessor-version":[{"id":6192,"href":"https:\/\/vecinosdelinterior.com\/index.php\/wp-json\/wp\/v2\/posts\/6188\/revisions\/6192"}],"wp:featuredmedia":[{"embeddable":true,"href":"https:\/\/vecinosdelinterior.com\/index.php\/wp-json\/wp\/v2\/media\/6191"}],"wp:attachment":[{"href":"https:\/\/vecinosdelinterior.com\/index.php\/wp-json\/wp\/v2\/media?parent=6188"}],"wp:term":[{"taxonomy":"category","embeddable":true,"href":"https:\/\/vecinosdelinterior.com\/index.php\/wp-json\/wp\/v2\/categories?post=6188"},{"taxonomy":"post_tag","embeddable":true,"href":"https:\/\/vecinosdelinterior.com\/index.php\/wp-json\/wp\/v2\/tags?post=6188"}],"curies":[{"name":"wp","href":"https:\/\/api.w.org\/{rel}","templated":true}]}}