{"id":6193,"date":"2026-01-26T20:32:18","date_gmt":"2026-01-26T23:32:18","guid":{"rendered":"https:\/\/vecinosdelinterior.com\/?p=6193"},"modified":"2026-01-26T20:32:19","modified_gmt":"2026-01-26T23:32:19","slug":"dieron-de-alta-a-emma","status":"publish","type":"post","link":"https:\/\/vecinosdelinterior.com\/index.php\/2026\/01\/26\/dieron-de-alta-a-emma\/","title":{"rendered":"Dieron de alta a Emma"},"content":{"rendered":"\n<p>VECINOSDELINTERIOR.COM \/ 26 DE ENERO<br>La nena que hab\u00eda sido herida por un delincuente en un robo en Los Peros finalmente super\u00f3 todo y logr\u00f3 su alta m\u00e9dica.<br>Con un video, compartido por el medio local Santa Rosa del Conlara Noticias, se ve el momento que Emma, acompa\u00f1ada por su familia, sale del hospital sonriente y pegando un brinco de alegr\u00eda.<\/p>\n\n\n\n<figure class=\"wp-block-image size-full\"><a href=\"https:\/\/www.facebook.com\/reel\/920786410285224\"><img fetchpriority=\"high\" decoding=\"async\" width=\"345\" height=\"521\" src=\"https:\/\/vecinosdelinterior.com\/wp-content\/uploads\/2026\/01\/26-1-2026-20-31-04.png\" alt=\"\" class=\"wp-image-6194\" srcset=\"https:\/\/vecinosdelinterior.com\/wp-content\/uploads\/2026\/01\/26-1-2026-20-31-04.png 345w, https:\/\/vecinosdelinterior.com\/wp-content\/uploads\/2026\/01\/26-1-2026-20-31-04-199x300.png 199w\" sizes=\"(max-width: 345px) 100vw, 345px\" \/><\/a><\/figure>\n","protected":false},"excerpt":{"rendered":"<p>VECINOSDELINTERIOR.COM \/ 26 DE ENEROLa nena que hab\u00eda sido herida por un delincuente en un robo en Los Peros finalmente super\u00f3 todo y logr\u00f3 su alta m\u00e9dica.Con un video, compartido por el medio local Santa Rosa del Conlara Noticias, se ve el momento que Emma, acompa\u00f1ada por su familia, sale del hospital sonriente y pegando [&hellip;]<\/p>\n","protected":false},"author":1,"featured_media":6194,"comment_status":"open","ping_status":"open","sticky":false,"template":"","format":"standard","meta":{"footnotes":""},"categories":[23,45],"tags":[213],"class_list":["post-6193","post","type-post","status-publish","format-standard","has-post-thumbnail","hentry","category-junin","category-santa-rosa-del-conlara","tag-policial"],"_links":{"self":[{"href":"https:\/\/vecinosdelinterior.com\/index.php\/wp-json\/wp\/v2\/posts\/6193","targetHints":{"allow":["GET"]}}],"collection":[{"href":"https:\/\/vecinosdelinterior.com\/index.php\/wp-json\/wp\/v2\/posts"}],"about":[{"href":"https:\/\/vecinosdelinterior.com\/index.php\/wp-json\/wp\/v2\/types\/post"}],"author":[{"embeddable":true,"href":"https:\/\/vecinosdelinterior.com\/index.php\/wp-json\/wp\/v2\/users\/1"}],"replies":[{"embeddable":true,"href":"https:\/\/vecinosdelinterior.com\/index.php\/wp-json\/wp\/v2\/comments?post=6193"}],"version-history":[{"count":1,"href":"https:\/\/vecinosdelinterior.com\/index.php\/wp-json\/wp\/v2\/posts\/6193\/revisions"}],"predecessor-version":[{"id":6195,"href":"https:\/\/vecinosdelinterior.com\/index.php\/wp-json\/wp\/v2\/posts\/6193\/revisions\/6195"}],"wp:featuredmedia":[{"embeddable":true,"href":"https:\/\/vecinosdelinterior.com\/index.php\/wp-json\/wp\/v2\/media\/6194"}],"wp:attachment":[{"href":"https:\/\/vecinosdelinterior.com\/index.php\/wp-json\/wp\/v2\/media?parent=6193"}],"wp:term":[{"taxonomy":"category","embeddable":true,"href":"https:\/\/vecinosdelinterior.com\/index.php\/wp-json\/wp\/v2\/categories?post=6193"},{"taxonomy":"post_tag","embeddable":true,"href":"https:\/\/vecinosdelinterior.com\/index.php\/wp-json\/wp\/v2\/tags?post=6193"}],"curies":[{"name":"wp","href":"https:\/\/api.w.org\/{rel}","templated":true}]}}